{"id":13108,"date":"2010-07-29T13:49:21","date_gmt":"2010-07-29T15:49:21","guid":{"rendered":"https:\/\/www.2beauty.com.br\/blog\/?p=13108"},"modified":"2019-02-15T16:13:02","modified_gmt":"2019-02-15T18:13:02","slug":"dica-da-mamis-loreal-volume-shocking","status":"publish","type":"post","link":"https:\/\/www.2beauty.com.br\/blog\/2010\/07\/dica-da-mamis-loreal-volume-shocking\/","title":{"rendered":"Dica da Mamis: L&#8217;Oreal Volume Shocking"},"content":{"rendered":"<p style=\"text-align: center;\"><a href=\"https:\/\/www.2beauty.com.br\/blog\/wp-content\/uploads\/2010\/07\/vs1.jpg\"><strong><img fetchpriority=\"high\" decoding=\"async\" class=\"alignnone size-full wp-image-13109\" title=\"vs1\" src=\"https:\/\/www.2beauty.com.br\/blog\/wp-content\/uploads\/2010\/07\/vs1.jpg\" alt=\"\" width=\"500\" height=\"375\" \/><\/strong><\/a><\/p>\n<p style=\"text-align: center;\"><strong>Volume Shocking L&#8217;Oreal<\/strong><\/p>\n<p>Ontem a noite, minha m\u00e3e perguntou se eu n\u00e3o tinha um r\u00edmel bom pra dar pra ela, porque seu preferido estava acabando.<\/p>\n<p>R\u00edmel \u00e9 uma coisa que depende muito de gosto, n\u00e9? Porque\u00a0o que a minha m\u00e3e mais adora \u00e9\u00a0o Volume Shocking da L&#8217;Oreal, que eu j\u00e1 tive, n\u00e3o gostei tanto e passei adiante (pra ela).<\/p>\n<p>Aproveitei o momento pra bater umas fotos e mostrar aqui, j\u00e1 que\u00a0mamis entende do assunto.<\/p>\n<p>Ela pode n\u00e3o passar base ou corretivo e\u00a0voc\u00ea pode at\u00e9 encontr\u00e1-la com o cabelo meio bagun\u00e7ado ou com a unha lascada, mas sem r\u00edmel, JAMAIS.<\/p>\n<p style=\"text-align: center;\"><a href=\"https:\/\/www.2beauty.com.br\/blog\/wp-content\/uploads\/2010\/07\/Cos24.jpg\"><img decoding=\"async\" class=\"size-full wp-image-13114 aligncenter\" title=\"Cos24\" src=\"https:\/\/www.2beauty.com.br\/blog\/wp-content\/uploads\/2010\/07\/Cos24.jpg\" alt=\"\" width=\"305\" height=\"262\" srcset=\"https:\/\/www.2beauty.com.br\/blog\/wp-content\/uploads\/2010\/07\/Cos24.jpg 305w, https:\/\/www.2beauty.com.br\/blog\/wp-content\/uploads\/2010\/07\/Cos24-300x257.jpg 300w\" sizes=\"(max-width: 305px) 100vw, 305px\" \/><\/a><\/p>\n<p>O Volume Shocking\u00a0tem um lado branquinho com aplicador grand\u00e3o (pra dar volume) e um lado pretinho com aplicador que parece um pente com dentes fininhos (pra separar e alongar os c\u00edlios).<\/p>\n<p>O motivo de eu n\u00e3o ter gostado muito dele \u00e9 a tal da\u00a0parte branquinha, porque empelotava. Fora isso,\u00a0eu NUNCA consegui cobrir todos os c\u00edlios com o lado preto, ent\u00e3o acabava com toda uma coisa cinza nos meus olhos.<\/p>\n<p style=\"text-align: center;\"><a href=\"https:\/\/www.2beauty.com.br\/blog\/wp-content\/uploads\/2010\/07\/vs2.jpg\"><strong><img decoding=\"async\" class=\"alignnone size-full wp-image-13110\" title=\"vs2\" src=\"https:\/\/www.2beauty.com.br\/blog\/wp-content\/uploads\/2010\/07\/vs2.jpg\" alt=\"\" width=\"300\" height=\"250\" \/><\/strong><\/a><strong>\u00a0<\/strong><a href=\"https:\/\/www.2beauty.com.br\/blog\/wp-content\/uploads\/2010\/07\/vs3.jpg\"><strong><img loading=\"lazy\" decoding=\"async\" class=\"alignnone size-full wp-image-13111\" title=\"vs3\" src=\"https:\/\/www.2beauty.com.br\/blog\/wp-content\/uploads\/2010\/07\/vs3.jpg\" alt=\"\" width=\"300\" height=\"250\" \/><\/strong><\/a><\/p>\n<p style=\"text-align: center;\"><strong>Pestanas bem separadinhas<\/strong><\/p>\n<p>Como voc\u00eas podem ver, n\u00e3o \u00e9 o caso da minha m\u00e3e.<\/p>\n<p>Diz ela que o que me falta \u00e9\u00a0ter paci\u00eancia de esperar a\u00a0parte branca secar pra ent\u00e3o passar a parte preta.<\/p>\n<p>De qualquer modo, o efeito nos olhos dela \u00e9 bem diferente do efeito nos meus.<\/p>\n<p>Nela os c\u00edlios n\u00e3o ficam suuuuper volumosos, mas ficam muito longos, separados e bem curvados.<\/p>\n<p>O que mais me impressiona \u00e9 como os cotoquinhos\u00a0de mamis\u00a0ficam empinadinhos, porque\u00a0ela n\u00e3o\u00a0tem curvex nem nada do tipo.<\/p>\n<p>Al\u00e9m disso, a fixa\u00e7\u00e3o\/dura\u00e7\u00e3o do Super Shocking \u00e9 muito boa. De acordo com a minha progenitora, d\u00e1 pra ficar com ele o dia inteiro (e a noite tamb\u00e9m) que ele n\u00e3o borra com facilidade e n\u00e3o se esfarela todo ap\u00f3s horas e horas de uso.<\/p>\n<p>&#8211; &#8211; &#8211; &#8211; &#8211; &#8211;<\/p>\n<p>PS: Para substituir\u00a0o tudo de bom de mamis, dei\u00a0o &#8220;Two Timer Mascara&#8221; da\u00a0The Balm, <a href=\"https:\/\/media.onsugar.com\/files\/2010\/02\/08\/5\/709\/7098372\/860e4b2a55a577e4_two_timer_mascara_the_balm.jpg\" target=\"_blank\">porque tem dois aplicadores e lembra (um pouquinho) o\u00a0Volume Shocking<\/a>.<\/p>\n<p>Ela prontamente chamou o r\u00edmel (que \u00e9 importado, <em>by the way<\/em>) de paraguaio e fake&#8230;<\/p>\n<p>Eu mere\u00e7o!!!<\/p>\n","protected":false},"excerpt":{"rendered":"<p>Volume Shocking L&#8217;Oreal Ontem a noite, minha m\u00e3e perguntou se eu n\u00e3o tinha um r\u00edmel bom pra dar pra ela, porque seu preferido estava acabando. R\u00edmel \u00e9 uma coisa que depende muito de gosto, n\u00e9? Porque\u00a0o que a minha m\u00e3e mais adora \u00e9\u00a0o Volume Shocking da L&#8217;Oreal, que eu j\u00e1 tive, n\u00e3o gostei tanto e passei adiante (pra ela). Aproveitei o momento pra bater umas fotos e mostrar aqui, j\u00e1 que\u00a0mamis entende do assunto. Ela pode n\u00e3o passar base ou corretivo e\u00a0voc\u00ea pode at\u00e9 encontr\u00e1-la com o cabelo meio bagun\u00e7ado ou com a unha lascada, mas sem r\u00edmel, JAMAIS. O Volume Shocking\u00a0tem um lado branquinho com aplicador grand\u00e3o (pra dar volume) e um lado pretinho com aplicador que parece um pente com dentes fininhos (pra separar e alongar os c\u00edlios). O motivo de eu n\u00e3o ter gostado muito dele \u00e9 a tal da\u00a0parte branquinha, porque empelotava. Fora isso,\u00a0eu NUNCA consegui cobrir todos os c\u00edlios com o lado preto, ent\u00e3o acabava com toda uma coisa cinza nos meus olhos. \u00a0 Pestanas bem separadinhas Como voc\u00eas podem ver, n\u00e3o \u00e9 o caso da minha m\u00e3e. Diz ela que o que me falta \u00e9\u00a0ter paci\u00eancia de esperar a\u00a0parte branca secar pra ent\u00e3o passar a parte preta. De qualquer modo, o efeito nos olhos dela \u00e9 bem diferente do efeito nos meus. Nela os c\u00edlios n\u00e3o ficam suuuuper volumosos, mas ficam muito longos, separados e bem curvados. O que mais me impressiona \u00e9 como os cotoquinhos\u00a0de mamis\u00a0ficam empinadinhos, porque\u00a0ela n\u00e3o\u00a0tem curvex nem nada do tipo. Al\u00e9m disso, a fixa\u00e7\u00e3o\/dura\u00e7\u00e3o do Super Shocking \u00e9 muito boa. De acordo com a minha progenitora, d\u00e1 pra ficar com ele o dia inteiro (e a noite tamb\u00e9m) que ele n\u00e3o borra com facilidade e n\u00e3o se esfarela todo ap\u00f3s horas e horas de uso. &#8211; &#8211; &#8211; &#8211; &#8211; &#8211; PS: Para substituir\u00a0o tudo de bom de mamis, dei\u00a0o &#8220;Two Timer Mascara&#8221; da\u00a0The Balm, porque tem dois aplicadores e lembra (um pouquinho) o\u00a0Volume Shocking. Ela prontamente chamou o r\u00edmel (que \u00e9 importado, by the way) de paraguaio e fake&#8230; Eu mere\u00e7o!!!<\/p>\n","protected":false},"author":1,"featured_media":0,"comment_status":"open","ping_status":"open","sticky":false,"template":"","format":"standard","meta":{"_uag_custom_page_level_css":"","footnotes":""},"categories":[84],"tags":[257,345,4125,1771],"class_list":["post-13108","post","type-post","status-publish","format-standard","hentry","category-maquiagem","tag-loreal","tag-resenha","tag-rimel","tag-volume-shocking"],"uagb_featured_image_src":{"full":false,"thumbnail":false,"medium":false,"medium_large":false,"large":false,"1536x1536":false,"2048x2048":false,"ashe-slider-grid-thumbnail":false,"ashe-full-thumbnail":false,"ashe-grid-thumbnail":false,"ashe-list-thumbnail":false,"ashe-single-navigation":false},"uagb_author_info":{"display_name":"Marina Smith","author_link":"https:\/\/www.2beauty.com.br\/blog\/author\/marinasmith\/"},"uagb_comment_info":74,"uagb_excerpt":"Volume Shocking L&#8217;Oreal Ontem a noite, minha m\u00e3e perguntou se eu n\u00e3o tinha um r\u00edmel bom pra dar pra ela, porque seu preferido estava acabando. R\u00edmel \u00e9 uma coisa que depende muito de gosto, n\u00e9? Porque\u00a0o que a minha m\u00e3e mais adora \u00e9\u00a0o Volume Shocking da L&#8217;Oreal, que eu j\u00e1 tive, n\u00e3o gostei tanto e&hellip;","acf":[],"_links":{"self":[{"href":"https:\/\/www.2beauty.com.br\/blog\/wp-json\/wp\/v2\/posts\/13108","targetHints":{"allow":["GET"]}}],"collection":[{"href":"https:\/\/www.2beauty.com.br\/blog\/wp-json\/wp\/v2\/posts"}],"about":[{"href":"https:\/\/www.2beauty.com.br\/blog\/wp-json\/wp\/v2\/types\/post"}],"author":[{"embeddable":true,"href":"https:\/\/www.2beauty.com.br\/blog\/wp-json\/wp\/v2\/users\/1"}],"replies":[{"embeddable":true,"href":"https:\/\/www.2beauty.com.br\/blog\/wp-json\/wp\/v2\/comments?post=13108"}],"version-history":[{"count":0,"href":"https:\/\/www.2beauty.com.br\/blog\/wp-json\/wp\/v2\/posts\/13108\/revisions"}],"wp:attachment":[{"href":"https:\/\/www.2beauty.com.br\/blog\/wp-json\/wp\/v2\/media?parent=13108"}],"wp:term":[{"taxonomy":"category","embeddable":true,"href":"https:\/\/www.2beauty.com.br\/blog\/wp-json\/wp\/v2\/categories?post=13108"},{"taxonomy":"post_tag","embeddable":true,"href":"https:\/\/www.2beauty.com.br\/blog\/wp-json\/wp\/v2\/tags?post=13108"}],"curies":[{"name":"wp","href":"https:\/\/api.w.org\/{rel}","templated":true}]}}