{"id":117715,"date":"2021-05-10T20:25:00","date_gmt":"2021-05-10T22:25:00","guid":{"rendered":"https:\/\/www.2beauty.com.br\/blog\/?p=117715"},"modified":"2021-06-03T18:32:21","modified_gmt":"2021-06-03T20:32:21","slug":"collab-marina-e-cinthia-anafran","status":"publish","type":"post","link":"https:\/\/www.2beauty.com.br\/blog\/2021\/05\/collab-marina-e-cinthia-anafran\/","title":{"rendered":"Collab Marina e Cinthia + Anafran"},"content":{"rendered":"\n<script async=\"\" src=\"\/\/pagead2.googlesyndication.com\/pagead\/js\/adsbygoogle.js\"><\/script>\n<!-- Responsivo www.2beauty.com.br -->\n<ins class=\"adsbygoogle\" style=\"display:block\" data-ad-client=\"ca-pub-5401592170963248\" data-ad-slot=\"6719035301\" data-ad-format=\"auto\" data-full-width-responsive=\"true\"><\/ins>\n<script>\n(adsbygoogle = window.adsbygoogle || []).push({});\n<\/script>\n\n\n\n<iframe src=\"https:\/\/www.youtube.com\/embed\/JpxkKnOBYvo\" title=\"YouTube video player\" allow=\"accelerometer; autoplay; clipboard-write; encrypted-media; gyroscope; picture-in-picture\" allowfullscreen=\"\" width=\"900\" height=\"506\" frameborder=\"0\"><\/iframe>\n\n\n\n<h3 class=\"wp-block-heading\">Chegou a hora!<\/h3>\n\n\n\n<p>Finalmente a cole\u00e7\u00e3o Marina e <a rel=\"noreferrer noopener\" href=\"https:\/\/www.makeupatelier.com.br\/\" target=\"_blank\">Cinthia<\/a> para <a rel=\"noreferrer noopener\" href=\"https:\/\/www.anafranbasic.com.br\/produtos\/categoria\/collab-cinthia-marina\" target=\"_blank\">Anafran Basic<\/a> saiu do papel e est\u00e1 em pr\u00e9-venda.<\/p>\n\n\n\n<p>At\u00e9 domingo, <a rel=\"noreferrer noopener\" href=\"https:\/\/www.anafranbasic.com.br\/produtos\/categoria\/collab-cinthia-marina\" target=\"_blank\">no site da Anafran<\/a>, voc\u00ea pode encomendar as suas pe\u00e7as do jeito que mais gosta.<\/p>\n\n\n\n<p>Escolha entre regata normal ou cropped, blusa manga 3\/4 ou 7\/8, cal\u00e7a com punho ou sem, vestido manga 3\/4 ou 7\/8, selecione a cor preferida, seu tamanho ideal e pronto! <\/p>\n\n\n\n<p>A pe\u00e7a vai para produ\u00e7\u00e3o do jeitinho que voc\u00ea escolheu e logo voc\u00ea ter\u00e1 <strong>um pedacinho da gente morando no seu arm\u00e1rio.<\/strong><\/p>\n\n\n\n<p>Foi um trabalho delicioso que tem a nossa cara e a qualidade que voc\u00eas merecem. <strong>Esperamos do fundo do cora\u00e7\u00e3o que amem essa collab!<\/strong><\/p>\n\n\n\n<div class=\"wp-block-image is-style-default\"><figure class=\"aligncenter size-full\"><img fetchpriority=\"high\" decoding=\"async\" width=\"900\" height=\"600\" src=\"https:\/\/www.2beauty.com.br\/blog\/wp-content\/uploads\/2021\/05\/anafran8.jpg\" alt=\"Collab Marina e Cinthia + Anafran\" class=\"wp-image-117742\" srcset=\"https:\/\/www.2beauty.com.br\/blog\/wp-content\/uploads\/2021\/05\/anafran8.jpg 900w, https:\/\/www.2beauty.com.br\/blog\/wp-content\/uploads\/2021\/05\/anafran8-580x387.jpg 580w, https:\/\/www.2beauty.com.br\/blog\/wp-content\/uploads\/2021\/05\/anafran8-620x413.jpg 620w, https:\/\/www.2beauty.com.br\/blog\/wp-content\/uploads\/2021\/05\/anafran8-768x512.jpg 768w, https:\/\/www.2beauty.com.br\/blog\/wp-content\/uploads\/2021\/05\/anafran8-860x573.jpg 860w, https:\/\/www.2beauty.com.br\/blog\/wp-content\/uploads\/2021\/05\/anafran8-150x100.jpg 150w\" sizes=\"(max-width: 900px) 100vw, 900px\" \/><\/figure><\/div>\n\n\n\n<div class=\"wp-block-image is-style-default\"><figure class=\"aligncenter size-full\"><img decoding=\"async\" width=\"900\" height=\"600\" src=\"https:\/\/www.2beauty.com.br\/blog\/wp-content\/uploads\/2021\/05\/anafran6.jpg\" alt=\"\" class=\"wp-image-117721\" srcset=\"https:\/\/www.2beauty.com.br\/blog\/wp-content\/uploads\/2021\/05\/anafran6.jpg 900w, https:\/\/www.2beauty.com.br\/blog\/wp-content\/uploads\/2021\/05\/anafran6-580x387.jpg 580w, https:\/\/www.2beauty.com.br\/blog\/wp-content\/uploads\/2021\/05\/anafran6-620x413.jpg 620w, https:\/\/www.2beauty.com.br\/blog\/wp-content\/uploads\/2021\/05\/anafran6-768x512.jpg 768w, https:\/\/www.2beauty.com.br\/blog\/wp-content\/uploads\/2021\/05\/anafran6-860x573.jpg 860w, https:\/\/www.2beauty.com.br\/blog\/wp-content\/uploads\/2021\/05\/anafran6-150x100.jpg 150w\" sizes=\"(max-width: 900px) 100vw, 900px\" \/><\/figure><\/div>\n\n\n\n<h3 class=\"wp-block-heading\">Temos cupom :)<\/h3>\n\n\n\n<p>S\u00f3 digitar <strong>10EXTRA para ter 10% OFF<\/strong> nas pe\u00e7as da cole\u00e7\u00e3o ou digite <strong>FRETEEXTRA se preferir ganhar o frete. <\/strong><\/p>\n\n\n\n<p>Simule no carrinho e veja qual deles vale mais a pena pra voc\u00ea!<\/p>\n\n\n\n<p><strong>Pr\u00e9-venda e cupons v\u00e1lidos at\u00e9 domingo, dia 16\/05.<\/strong><\/p>\n\n\n\n<h3 class=\"wp-block-heading\">Material<\/h3>\n\n\n\n<p>Todas as pe\u00e7as s\u00e3o feitas em malha de excelente qualidade: <strong>viscose premium + elastano.<\/strong><\/p>\n\n\n\n<p>O tecido \u00e9 f\u00e1cil de cuidar, n\u00e3o precisa passar e \u00e9 resistente \u00e0 forma\u00e7\u00e3o de peeling\/bolinha.<\/p>\n\n\n\n<h3 class=\"wp-block-heading\">Tamanhos<\/h3>\n\n\n\n<p><a rel=\"noreferrer noopener\" href=\"https:\/\/www.anafranbasic.com.br\/produtos\/categoria\/collab-cinthia-marina\" target=\"_blank\">No site<\/a>, as pe\u00e7as est\u00e3o dispon\u00edveis do PP ao GG, mas se precisar de tamanhos al\u00e9m desses, \u00e9 s\u00f3 encomendar <a rel=\"noreferrer noopener\" href=\"https:\/\/linktr.ee\/anafranbasic\" target=\"_blank\">pelo WhatsApp<\/a> (taxa extra de R$20 reais) e voil\u00e1! A pe\u00e7a vai para produ\u00e7\u00e3o do jeitinho que voc\u00ea escolheu e sob medida!  <\/p>\n\n\n\n<div class=\"wp-block-image\"><figure class=\"aligncenter size-full\"><img decoding=\"async\" width=\"900\" height=\"600\" src=\"https:\/\/www.2beauty.com.br\/blog\/wp-content\/uploads\/2021\/05\/anafran1.jpg\" alt=\"Collab Marina e Cinthia + Anafran\" class=\"wp-image-117716\" srcset=\"https:\/\/www.2beauty.com.br\/blog\/wp-content\/uploads\/2021\/05\/anafran1.jpg 900w, https:\/\/www.2beauty.com.br\/blog\/wp-content\/uploads\/2021\/05\/anafran1-580x387.jpg 580w, https:\/\/www.2beauty.com.br\/blog\/wp-content\/uploads\/2021\/05\/anafran1-620x413.jpg 620w, https:\/\/www.2beauty.com.br\/blog\/wp-content\/uploads\/2021\/05\/anafran1-768x512.jpg 768w, https:\/\/www.2beauty.com.br\/blog\/wp-content\/uploads\/2021\/05\/anafran1-860x573.jpg 860w, https:\/\/www.2beauty.com.br\/blog\/wp-content\/uploads\/2021\/05\/anafran1-150x100.jpg 150w\" sizes=\"(max-width: 900px) 100vw, 900px\" \/><\/figure><\/div>\n\n\n\n<div class=\"wp-block-image is-style-default\"><figure class=\"aligncenter size-full\"><img loading=\"lazy\" decoding=\"async\" width=\"900\" height=\"600\" src=\"https:\/\/www.2beauty.com.br\/blog\/wp-content\/uploads\/2021\/05\/anafran5.jpg\" alt=\"Collab Marina e Cinthia + Anafran\" class=\"wp-image-117718\" srcset=\"https:\/\/www.2beauty.com.br\/blog\/wp-content\/uploads\/2021\/05\/anafran5.jpg 900w, https:\/\/www.2beauty.com.br\/blog\/wp-content\/uploads\/2021\/05\/anafran5-580x387.jpg 580w, https:\/\/www.2beauty.com.br\/blog\/wp-content\/uploads\/2021\/05\/anafran5-620x413.jpg 620w, https:\/\/www.2beauty.com.br\/blog\/wp-content\/uploads\/2021\/05\/anafran5-768x512.jpg 768w, https:\/\/www.2beauty.com.br\/blog\/wp-content\/uploads\/2021\/05\/anafran5-860x573.jpg 860w, https:\/\/www.2beauty.com.br\/blog\/wp-content\/uploads\/2021\/05\/anafran5-150x100.jpg 150w\" sizes=\"(max-width: 900px) 100vw, 900px\" \/><\/figure><\/div>\n\n\n\n<h3 class=\"wp-block-heading\">Modelos<\/h3>\n\n\n\n<h4 class=\"wp-block-heading\">Cal\u00e7a Marina (R$149,90)<\/h4>\n\n\n\n<p>Dispon\u00edvel em oito cores e em duas vers\u00f5es: com punho e sem punho.<\/p>\n\n\n\n<ul class=\"wp-block-list\"><li><strong>Com punho,<\/strong> fica mais casual e tamb\u00e9m \u00e9 \u00f3tima pra quem \u00e9 baixinha, tipo eu (1,61m), e n\u00e3o quer se preocupar em fazer bainha.<\/li><li><strong>Sem punho,<\/strong> ela alonga e tem um toque mais arrumadinho\/elegante.<\/li><\/ul>\n\n\n\n<p>Com ou sem punho, o modelo tem pregas na frente e atr\u00e1s, bolsos laterais (cabe bastante coisa!), c\u00f3s com el\u00e1stico, passa cinto e faixa no mesmo tecido.<\/p>\n\n\n\n<p>A faixa \u00e9 remov\u00edvel, a\u00ed voc\u00ea escolhe se prefere usar com ela ou com outro acess\u00f3rio, tipo cinto, len\u00e7o, etc.<\/p>\n\n\n\n<p><strong>Refer\u00e2ncia de tamanho:<\/strong> tenho 1,61m de altura, 79cm de cintura, 98cm de busto e 106cm de quadril.<\/p>\n\n\n\n<p>Tanto M quanto G me servem bem. A maior diferen\u00e7a, pra mim, \u00e9 na cintura. Pra ficar de bobeira em casa ou trabalhando no computador, prefiro a G, porque a sensa\u00e7\u00e3o \u00e9 de cal\u00e7a de pijama, bem soltinha.<\/p>\n\n\n\n<p><a rel=\"noreferrer noopener\" href=\"https:\/\/www.anafranbasic.com.br\/produtos\/categoria\/collab-cinthia-marina\" target=\"_blank\">Clica aqui pra encomendar a sua!<\/a><\/p>\n\n\n\n<p><strong>N\u00e3o esque\u00e7a dos cupons:<\/strong> 10EXTRA para ter 10% OFF ou FRETEEXTRA para frete gr\u00e1tis.<\/p>\n\n\n\n<div class=\"wp-block-image is-style-default\"><figure class=\"aligncenter size-full\"><img loading=\"lazy\" decoding=\"async\" width=\"900\" height=\"600\" src=\"https:\/\/www.2beauty.com.br\/blog\/wp-content\/uploads\/2021\/05\/anafran3.jpg\" alt=\"Collab Marina e Cinthia + Anafran\" class=\"wp-image-117719\" srcset=\"https:\/\/www.2beauty.com.br\/blog\/wp-content\/uploads\/2021\/05\/anafran3.jpg 900w, https:\/\/www.2beauty.com.br\/blog\/wp-content\/uploads\/2021\/05\/anafran3-580x387.jpg 580w, https:\/\/www.2beauty.com.br\/blog\/wp-content\/uploads\/2021\/05\/anafran3-620x413.jpg 620w, https:\/\/www.2beauty.com.br\/blog\/wp-content\/uploads\/2021\/05\/anafran3-768x512.jpg 768w, https:\/\/www.2beauty.com.br\/blog\/wp-content\/uploads\/2021\/05\/anafran3-860x573.jpg 860w, https:\/\/www.2beauty.com.br\/blog\/wp-content\/uploads\/2021\/05\/anafran3-150x100.jpg 150w\" sizes=\"(max-width: 900px) 100vw, 900px\" \/><\/figure><\/div>\n\n\n\n<div class=\"wp-block-image is-style-default\"><figure class=\"aligncenter size-full\"><img loading=\"lazy\" decoding=\"async\" width=\"900\" height=\"600\" src=\"https:\/\/www.2beauty.com.br\/blog\/wp-content\/uploads\/2021\/05\/anafran4.jpg\" alt=\"Collab Marina e Cinthia + Anafran\" class=\"wp-image-117720\" srcset=\"https:\/\/www.2beauty.com.br\/blog\/wp-content\/uploads\/2021\/05\/anafran4.jpg 900w, https:\/\/www.2beauty.com.br\/blog\/wp-content\/uploads\/2021\/05\/anafran4-580x387.jpg 580w, https:\/\/www.2beauty.com.br\/blog\/wp-content\/uploads\/2021\/05\/anafran4-620x413.jpg 620w, https:\/\/www.2beauty.com.br\/blog\/wp-content\/uploads\/2021\/05\/anafran4-768x512.jpg 768w, https:\/\/www.2beauty.com.br\/blog\/wp-content\/uploads\/2021\/05\/anafran4-860x573.jpg 860w, https:\/\/www.2beauty.com.br\/blog\/wp-content\/uploads\/2021\/05\/anafran4-150x100.jpg 150w\" sizes=\"(max-width: 900px) 100vw, 900px\" \/><\/figure><\/div>\n\n\n\n<h4 class=\"wp-block-heading\">Vestido\/Camisa Marina (R$139,90)<\/h4>\n\n\n\n<p>Dispon\u00edvel em 13 cores e em duas vers\u00f5es: manga 7\/8 e manga 3\/4.<\/p>\n\n\n\n<p>A modelagem \u00e9 reta, com parte de tr\u00e1s alongada e fendas nas laterais.<\/p>\n\n\n\n<p>Voc\u00ea pode usar o vestido sozinho, combinar com legging, com botinha e meia-cal\u00e7a, com len\u00e7o ou cinto na cintura e por a\u00ed vai&#8230;<\/p>\n\n\n\n<p>O vestido\/camisa tem manga com barra pra usar solta ou dobrada e gola V. Ali\u00e1s, eu sou muito f\u00e3 de gola V, mas a Cinthia prefere canoa, ent\u00e3o a pe\u00e7a foi feita pra que voc\u00ea tamb\u00e9m possa usar \u201cao contr\u00e1rio\u201d.<\/p>\n\n\n\n<p>Acima tem um exemplo disso.<\/p>\n\n\n\n<p><strong>Interessou?<\/strong> Eu recomendo comprar um tamanho <strong>MENOR<\/strong> do que voc\u00ea t\u00e1 acostumada.<\/p>\n\n\n\n<p><strong>Ex:<\/strong> geralmente uso vestido M, mas <strong>me gosto mais no P desse modelo,<\/strong> porque o shape dele \u00e9 soltinho.<\/p>\n\n\n\n<p><strong>Refer\u00eancia de tamanho:<\/strong> tenho 1,61m de altura, 79cm de cintura, 98cm de busto e 106cm de quadril.<\/p>\n\n\n\n<p><a rel=\"noreferrer noopener\" href=\"https:\/\/www.anafranbasic.com.br\/produtos\/categoria\/collab-cinthia-marina\" target=\"_blank\">Clica aqui pra encomendar o seu!<\/a><\/p>\n\n\n\n<p><strong>N\u00e3o esque\u00e7a dos cupons:<\/strong> 10EXTRA para ter 10% OFF ou FRETEEXTRA para frete gr\u00e1tis.<\/p>\n\n\n\n<div class=\"wp-block-image is-style-default\"><figure class=\"aligncenter size-full\"><img loading=\"lazy\" decoding=\"async\" width=\"900\" height=\"600\" src=\"https:\/\/www.2beauty.com.br\/blog\/wp-content\/uploads\/2021\/05\/anafran2.jpg\" alt=\"Collab Marina e Cinthia + Anafran\" class=\"wp-image-117717\" srcset=\"https:\/\/www.2beauty.com.br\/blog\/wp-content\/uploads\/2021\/05\/anafran2.jpg 900w, https:\/\/www.2beauty.com.br\/blog\/wp-content\/uploads\/2021\/05\/anafran2-580x387.jpg 580w, https:\/\/www.2beauty.com.br\/blog\/wp-content\/uploads\/2021\/05\/anafran2-620x413.jpg 620w, https:\/\/www.2beauty.com.br\/blog\/wp-content\/uploads\/2021\/05\/anafran2-768x512.jpg 768w, https:\/\/www.2beauty.com.br\/blog\/wp-content\/uploads\/2021\/05\/anafran2-860x573.jpg 860w, https:\/\/www.2beauty.com.br\/blog\/wp-content\/uploads\/2021\/05\/anafran2-150x100.jpg 150w\" sizes=\"(max-width: 900px) 100vw, 900px\" \/><\/figure><\/div>\n\n\n\n<div class=\"wp-block-image\"><figure class=\"aligncenter size-full\"><img loading=\"lazy\" decoding=\"async\" width=\"900\" height=\"600\" src=\"https:\/\/www.2beauty.com.br\/blog\/wp-content\/uploads\/2021\/05\/anafran7.jpg\" alt=\"Collab Marina e Cinthia + Anafran\" class=\"wp-image-117744\" srcset=\"https:\/\/www.2beauty.com.br\/blog\/wp-content\/uploads\/2021\/05\/anafran7.jpg 900w, https:\/\/www.2beauty.com.br\/blog\/wp-content\/uploads\/2021\/05\/anafran7-580x387.jpg 580w, https:\/\/www.2beauty.com.br\/blog\/wp-content\/uploads\/2021\/05\/anafran7-620x413.jpg 620w, https:\/\/www.2beauty.com.br\/blog\/wp-content\/uploads\/2021\/05\/anafran7-768x512.jpg 768w, https:\/\/www.2beauty.com.br\/blog\/wp-content\/uploads\/2021\/05\/anafran7-860x573.jpg 860w, https:\/\/www.2beauty.com.br\/blog\/wp-content\/uploads\/2021\/05\/anafran7-150x100.jpg 150w\" sizes=\"(max-width: 900px) 100vw, 900px\" \/><\/figure><\/div>\n\n\n\n<h4 class=\"wp-block-heading\">Blusa Cinthia (R$99,90)<\/h4>\n\n\n\n<p>Dispon\u00edvel em 17 cores e em duas vers\u00f5es: manga 7\/8 e manga 3\/4.<\/p>\n\n\n\n<p>O modelo \u00e9 acinturado, conta com tecido duplo na \u00e1rea do busto, gola canoa sem costura aparente e costas fechadas.<\/p>\n\n\n\n<h4 class=\"wp-block-heading\">Regata Cinthia (R$89,90)<\/h4>\n\n\n\n<p>Dispon\u00edvel em 17 cores e em duas vers\u00f5es: normal ou cropped.<\/p>\n\n\n\n<p>Assim como a blusa, o modelo da regata \u00e9 acinturado, tem tecido duplo na \u00e1rea do busto, gola canoa sem costura aparente e costas fechadas.<\/p>\n\n\n\n<p>A vers\u00e3o cropped \u00e9 ideal para combinar com cal\u00e7as ou saias de cintura alta, deixando apenas um dedinho do torso aparente.<\/p>\n\n\n\n<p><strong>Refer\u00eancia de tamanho:<\/strong> tenho 1,61m de altura, 79cm de cintura, 98cm de busto e 106cm de quadril.<br><br>Uso as blusas e regatas no tamanho M.<\/p>\n\n\n\n<p><a rel=\"noreferrer noopener\" href=\"https:\/\/www.anafranbasic.com.br\/produtos\/categoria\/collab-cinthia-marina\" target=\"_blank\">Clica aqui pra encomendar a sua!<\/a><\/p>\n\n\n\n<p><strong>N\u00e3o esque\u00e7a dos cupons:<\/strong> 10EXTRA para ter 10% OFF ou FRETEEXTRA para frete gr\u00e1tis.<\/p>\n","protected":false},"excerpt":{"rendered":"<p>Finalmente a cole\u00e7\u00e3o Marina e Cinthia saiu do papel e est\u00e1 em pr\u00e9-venda! <\/p>\n","protected":false},"author":1,"featured_media":117718,"comment_status":"open","ping_status":"closed","sticky":false,"template":"","format":"standard","meta":{"_uag_custom_page_level_css":"","footnotes":""},"categories":[1],"tags":[4656,4657,4162,2575],"class_list":["post-117715","post","type-post","status-publish","format-standard","has-post-thumbnail","hentry","category-geral","tag-anafran","tag-collab","tag-miscelanea","tag-moda"],"uagb_featured_image_src":{"full":["https:\/\/www.2beauty.com.br\/blog\/wp-content\/uploads\/2021\/05\/anafran5.jpg",900,600,false],"thumbnail":["https:\/\/www.2beauty.com.br\/blog\/wp-content\/uploads\/2021\/05\/anafran5-300x250.jpg",300,250,true],"medium":["https:\/\/www.2beauty.com.br\/blog\/wp-content\/uploads\/2021\/05\/anafran5-580x387.jpg",580,387,true],"medium_large":["https:\/\/www.2beauty.com.br\/blog\/wp-content\/uploads\/2021\/05\/anafran5-768x512.jpg",768,512,true],"large":["https:\/\/www.2beauty.com.br\/blog\/wp-content\/uploads\/2021\/05\/anafran5-620x413.jpg",620,413,true],"1536x1536":["https:\/\/www.2beauty.com.br\/blog\/wp-content\/uploads\/2021\/05\/anafran5.jpg",900,600,false],"2048x2048":["https:\/\/www.2beauty.com.br\/blog\/wp-content\/uploads\/2021\/05\/anafran5.jpg",900,600,false],"ashe-slider-grid-thumbnail":["https:\/\/www.2beauty.com.br\/blog\/wp-content\/uploads\/2021\/05\/anafran5.jpg",810,540,false],"ashe-full-thumbnail":["https:\/\/www.2beauty.com.br\/blog\/wp-content\/uploads\/2021\/05\/anafran5.jpg",900,600,false],"ashe-grid-thumbnail":["https:\/\/www.2beauty.com.br\/blog\/wp-content\/uploads\/2021\/05\/anafran5.jpg",495,330,false],"ashe-list-thumbnail":["https:\/\/www.2beauty.com.br\/blog\/wp-content\/uploads\/2021\/05\/anafran5.jpg",300,200,false],"ashe-single-navigation":["https:\/\/www.2beauty.com.br\/blog\/wp-content\/uploads\/2021\/05\/anafran5.jpg",75,50,false]},"uagb_author_info":{"display_name":"Marina Smith","author_link":"https:\/\/www.2beauty.com.br\/blog\/author\/marinasmith\/"},"uagb_comment_info":1,"uagb_excerpt":"Finalmente a cole\u00e7\u00e3o Marina e Cinthia saiu do papel e est\u00e1 em pr\u00e9-venda!","acf":[],"_links":{"self":[{"href":"https:\/\/www.2beauty.com.br\/blog\/wp-json\/wp\/v2\/posts\/117715","targetHints":{"allow":["GET"]}}],"collection":[{"href":"https:\/\/www.2beauty.com.br\/blog\/wp-json\/wp\/v2\/posts"}],"about":[{"href":"https:\/\/www.2beauty.com.br\/blog\/wp-json\/wp\/v2\/types\/post"}],"author":[{"embeddable":true,"href":"https:\/\/www.2beauty.com.br\/blog\/wp-json\/wp\/v2\/users\/1"}],"replies":[{"embeddable":true,"href":"https:\/\/www.2beauty.com.br\/blog\/wp-json\/wp\/v2\/comments?post=117715"}],"version-history":[{"count":3,"href":"https:\/\/www.2beauty.com.br\/blog\/wp-json\/wp\/v2\/posts\/117715\/revisions"}],"predecessor-version":[{"id":117746,"href":"https:\/\/www.2beauty.com.br\/blog\/wp-json\/wp\/v2\/posts\/117715\/revisions\/117746"}],"wp:featuredmedia":[{"embeddable":true,"href":"https:\/\/www.2beauty.com.br\/blog\/wp-json\/wp\/v2\/media\/117718"}],"wp:attachment":[{"href":"https:\/\/www.2beauty.com.br\/blog\/wp-json\/wp\/v2\/media?parent=117715"}],"wp:term":[{"taxonomy":"category","embeddable":true,"href":"https:\/\/www.2beauty.com.br\/blog\/wp-json\/wp\/v2\/categories?post=117715"},{"taxonomy":"post_tag","embeddable":true,"href":"https:\/\/www.2beauty.com.br\/blog\/wp-json\/wp\/v2\/tags?post=117715"}],"curies":[{"name":"wp","href":"https:\/\/api.w.org\/{rel}","templated":true}]}}