{"id":116740,"date":"2020-12-03T14:09:40","date_gmt":"2020-12-03T16:09:40","guid":{"rendered":"https:\/\/www.2beauty.com.br\/blog\/?p=116740"},"modified":"2021-02-03T01:55:40","modified_gmt":"2021-02-03T03:55:40","slug":"clube-do-livro-do-marinao-vigesima-quarta-edicao","status":"publish","type":"post","link":"https:\/\/www.2beauty.com.br\/blog\/2020\/12\/clube-do-livro-do-marinao-vigesima-quarta-edicao\/","title":{"rendered":"Clube do Livro do Marin\u00e3o: Vig\u00e9sima Quarta Edi\u00e7\u00e3o"},"content":{"rendered":"\n<script async=\"\" src=\"\/\/pagead2.googlesyndication.com\/pagead\/js\/adsbygoogle.js\"><\/script>\n<!-- Responsivo www.2beauty.com.br -->\n<ins class=\"adsbygoogle\" style=\"display:block\" data-ad-client=\"ca-pub-5401592170963248\" data-ad-slot=\"6719035301\" data-ad-format=\"auto\" data-full-width-responsive=\"true\"><\/ins>\n<script>\n(adsbygoogle = window.adsbygoogle || []).push({});\n<\/script>\n\n\n\n<hr class=\"wp-block-separator\"\/>\n\n\n\n<figure class=\"wp-block-image\"><img fetchpriority=\"high\" decoding=\"async\" width=\"900\" height=\"600\" src=\"https:\/\/www.2beauty.com.br\/blog\/wp-content\/uploads\/2021\/01\/mulhernoescuro1.jpg\" alt=\"Clube do Livro do Marin\u00e3o: Vig\u00e9sima Quarta Edi\u00e7\u00e3o\" class=\"wp-image-116741\" srcset=\"https:\/\/www.2beauty.com.br\/blog\/wp-content\/uploads\/2021\/01\/mulhernoescuro1.jpg 900w, https:\/\/www.2beauty.com.br\/blog\/wp-content\/uploads\/2021\/01\/mulhernoescuro1-580x387.jpg 580w, https:\/\/www.2beauty.com.br\/blog\/wp-content\/uploads\/2021\/01\/mulhernoescuro1-768x512.jpg 768w, https:\/\/www.2beauty.com.br\/blog\/wp-content\/uploads\/2021\/01\/mulhernoescuro1-620x413.jpg 620w, https:\/\/www.2beauty.com.br\/blog\/wp-content\/uploads\/2021\/01\/mulhernoescuro1-860x573.jpg 860w\" sizes=\"(max-width: 900px) 100vw, 900px\" \/><\/figure>\n\n\n\n<h3 class=\"wp-block-heading\">Pra quem est\u00e1 chegando agora e n\u00e3o conhece o Clube<\/h3>\n\n\n\n<p>Mensalmente um t\u00edtulo \u00e9 escolhido via enquete e anunciado aqui no blog e no meu perfil no Instagram (<a rel=\"noreferrer noopener\" href=\"https:\/\/www.instagram.com\/marina2beauty\/\" target=\"_blank\">@marina2beauty<\/a>).<\/p>\n\n\n\n<p>Semanas depois, acontece uma live pra gente conversar sobre ele.<\/p>\n\n\n\n<p>N\u00e3o precisa se inscrever, reservar vaga ou algo assim.<\/p>\n\n\n\n<p><strong>Basta ler o livro e chegar chegando na live l\u00e1 no Instagram :)<\/strong><\/p>\n\n\n\n<h3 class=\"wp-block-heading\">Detalhes da vig\u00e9sima quarta edi\u00e7\u00e3o<\/h3>\n\n\n\n<p>Raphael Montes j\u00e1 pode pedir m\u00fasica no Fant\u00e1stico, pois \u00e9 essa \u00e9 a terceira obra dele que vamos ler juntos.<\/p>\n\n\n\n<p>O livro ganhou o <strong>Pr\u00eamio Jabuti<\/strong> na categoria Romance de Entretenimento 2020.\u2800<\/p>\n\n\n\n<figure class=\"wp-block-image\"><img decoding=\"async\" width=\"900\" height=\"600\" src=\"https:\/\/www.2beauty.com.br\/blog\/wp-content\/uploads\/2021\/01\/mulhernoescuro2-1.jpg\" alt=\"Clube do Livro do Marin\u00e3o: Vig\u00e9sima Quarta Edi\u00e7\u00e3o\" class=\"wp-image-116744\" srcset=\"https:\/\/www.2beauty.com.br\/blog\/wp-content\/uploads\/2021\/01\/mulhernoescuro2-1.jpg 900w, https:\/\/www.2beauty.com.br\/blog\/wp-content\/uploads\/2021\/01\/mulhernoescuro2-1-580x387.jpg 580w, https:\/\/www.2beauty.com.br\/blog\/wp-content\/uploads\/2021\/01\/mulhernoescuro2-1-768x512.jpg 768w, https:\/\/www.2beauty.com.br\/blog\/wp-content\/uploads\/2021\/01\/mulhernoescuro2-1-620x413.jpg 620w, https:\/\/www.2beauty.com.br\/blog\/wp-content\/uploads\/2021\/01\/mulhernoescuro2-1-860x573.jpg 860w\" sizes=\"(max-width: 900px) 100vw, 900px\" \/><\/figure>\n\n\n\n<h3 class=\"wp-block-heading\">Sinopse<\/h3>\n\n\n\n<p>Victoria Bravo tinha quatro anos quando um homem invadiu sua casa e matou sua fam\u00edlia a facadas, pichando seus rostos com tinta preta.<\/p>\n\n\n\n<p>\u00danica sobrevivente, ela agora \u00e9 uma jovem solit\u00e1ria e t\u00edmida, com pesadelos frequentes e s\u00e9rias dificuldades para se relacionar.<\/p>\n\n\n\n<p>Seu ref\u00fagio \u00e9 ficar em casa e observar a vida alheia pelas janelas do apartamento onde mora, na Lapa, Rio de Janeiro.<\/p>\n\n\n\n<p>Mas o passado bate \u00e0 sua porta, e ela n\u00e3o sabe mais em quem pode confiar.<\/p>\n\n\n\n<p>Obrigada a enfrentar sua pr\u00f3pria trag\u00e9dia, Victoria embarca em uma jornada de amadurecimento e descoberta que a levar\u00e1 a zonas obscuras, mas tamb\u00e9m revelar\u00e1 as possibilidades do amor.<\/p>\n\n\n\n<p>Um psiquiatra, um amigo feito pela internet e um poss\u00edvel namorado \u2014 qual dos tr\u00eas homens est\u00e1 usando tudo o que sabe para aterrorizar a vida de Vic? <strong>E o que  afinal ele quer com ela?<\/strong><\/p>\n\n\n\n<h3 class=\"wp-block-heading\">Data da live<\/h3>\n\n\n\n<p>A live est\u00e1 marcada para o <strong>dia 27 de dezembro,<\/strong> domingo, \u00e0s 19h, no Instagram.<\/p>\n\n\n\n<p><strong>Boa leitura e at\u00e9 dia 27, gente!<\/strong><\/p>\n\n\n\n<p><strong>PS:<\/strong> Agora o clube tem <a rel=\"noreferrer noopener\" href=\"https:\/\/t.me\/joinchat\/S_EiMHyMA6GbMAo4\" target=\"_blank\">grupo no Telegram, clica aqui pra entrar.<\/a><\/p>\n\n\n\n<div class=\"shopthepost-widget\" data-widget-id=\"4328881\">\r\n                <script type=\"text\/javascript\" language=\"javascript\">\r\n                    !function(d,s,id){\r\n                        var e, p = \/^http:\/.test(d.location) ? 'http' : 'https';\r\n                        if(!d.getElementById(id)) {\r\n                            e     = d.createElement(s);\r\n                            e.id  = id;\r\n                            e.src = p + ':\/\/widgets.rewardstyle.com\/js\/shopthepost.js';\r\n                            d.body.appendChild(e);\r\n                        }\r\n                        if(typeof window.__stp === 'object') if(d.readyState === 'complete') {\r\n                            window.__stp.init();\r\n                        }\r\n                    }(document, 'script', 'shopthepost-script');\r\n                <\/script>\r\n                <div class=\"rs-adblock\">\r\n                    <img decoding=\"async\" src=\"\/\/assets.rewardstyle.com\/images\/search\/350.gif\" style=\"width:15px;height:15px;\" onerror=\"this.parentNode.innerHTML='Turn off your ad blocker to view content'\" \/>\r\n                    <noscript>Turn on your JavaScript to view content<\/noscript>\r\n                <\/div>\r\n            <\/div>\n","protected":false},"excerpt":{"rendered":"<p>Raphael Montes j\u00e1 pode pedir m\u00fasica no Fant\u00e1stico, pois \u00e9 essa \u00e9 a terceira obra dele que vamos ler juntos.<\/p>\n","protected":false},"author":1,"featured_media":116747,"comment_status":"open","ping_status":"closed","sticky":false,"template":"","format":"standard","meta":{"_uag_custom_page_level_css":"","footnotes":""},"categories":[4278,4260],"tags":[4393,4396,4631],"class_list":["post-116740","post","type-post","status-publish","format-standard","has-post-thumbnail","hentry","category-clube-do-livro-do-marinao","category-minhas-leituras","tag-clube-do-livro","tag-leituras","tag-uma-mulher-no-escuro"],"uagb_featured_image_src":{"full":["https:\/\/www.2beauty.com.br\/blog\/wp-content\/uploads\/2021\/01\/mulhernoescuro1-1.jpg",900,600,false],"thumbnail":["https:\/\/www.2beauty.com.br\/blog\/wp-content\/uploads\/2021\/01\/mulhernoescuro1-1-300x250.jpg",300,250,true],"medium":["https:\/\/www.2beauty.com.br\/blog\/wp-content\/uploads\/2021\/01\/mulhernoescuro1-1-580x387.jpg",580,387,true],"medium_large":["https:\/\/www.2beauty.com.br\/blog\/wp-content\/uploads\/2021\/01\/mulhernoescuro1-1-768x512.jpg",768,512,true],"large":["https:\/\/www.2beauty.com.br\/blog\/wp-content\/uploads\/2021\/01\/mulhernoescuro1-1-620x413.jpg",620,413,true],"1536x1536":["https:\/\/www.2beauty.com.br\/blog\/wp-content\/uploads\/2021\/01\/mulhernoescuro1-1.jpg",900,600,false],"2048x2048":["https:\/\/www.2beauty.com.br\/blog\/wp-content\/uploads\/2021\/01\/mulhernoescuro1-1.jpg",900,600,false],"ashe-slider-grid-thumbnail":["https:\/\/www.2beauty.com.br\/blog\/wp-content\/uploads\/2021\/01\/mulhernoescuro1-1.jpg",810,540,false],"ashe-full-thumbnail":["https:\/\/www.2beauty.com.br\/blog\/wp-content\/uploads\/2021\/01\/mulhernoescuro1-1.jpg",900,600,false],"ashe-grid-thumbnail":["https:\/\/www.2beauty.com.br\/blog\/wp-content\/uploads\/2021\/01\/mulhernoescuro1-1.jpg",495,330,false],"ashe-list-thumbnail":["https:\/\/www.2beauty.com.br\/blog\/wp-content\/uploads\/2021\/01\/mulhernoescuro1-1.jpg",300,200,false],"ashe-single-navigation":["https:\/\/www.2beauty.com.br\/blog\/wp-content\/uploads\/2021\/01\/mulhernoescuro1-1.jpg",75,50,false]},"uagb_author_info":{"display_name":"Marina Smith","author_link":"https:\/\/www.2beauty.com.br\/blog\/author\/marinasmith\/"},"uagb_comment_info":0,"uagb_excerpt":"Raphael Montes j\u00e1 pode pedir m\u00fasica no Fant\u00e1stico, pois \u00e9 essa \u00e9 a terceira obra dele que vamos ler juntos.","acf":[],"_links":{"self":[{"href":"https:\/\/www.2beauty.com.br\/blog\/wp-json\/wp\/v2\/posts\/116740","targetHints":{"allow":["GET"]}}],"collection":[{"href":"https:\/\/www.2beauty.com.br\/blog\/wp-json\/wp\/v2\/posts"}],"about":[{"href":"https:\/\/www.2beauty.com.br\/blog\/wp-json\/wp\/v2\/types\/post"}],"author":[{"embeddable":true,"href":"https:\/\/www.2beauty.com.br\/blog\/wp-json\/wp\/v2\/users\/1"}],"replies":[{"embeddable":true,"href":"https:\/\/www.2beauty.com.br\/blog\/wp-json\/wp\/v2\/comments?post=116740"}],"version-history":[{"count":3,"href":"https:\/\/www.2beauty.com.br\/blog\/wp-json\/wp\/v2\/posts\/116740\/revisions"}],"predecessor-version":[{"id":116846,"href":"https:\/\/www.2beauty.com.br\/blog\/wp-json\/wp\/v2\/posts\/116740\/revisions\/116846"}],"wp:featuredmedia":[{"embeddable":true,"href":"https:\/\/www.2beauty.com.br\/blog\/wp-json\/wp\/v2\/media\/116747"}],"wp:attachment":[{"href":"https:\/\/www.2beauty.com.br\/blog\/wp-json\/wp\/v2\/media?parent=116740"}],"wp:term":[{"taxonomy":"category","embeddable":true,"href":"https:\/\/www.2beauty.com.br\/blog\/wp-json\/wp\/v2\/categories?post=116740"},{"taxonomy":"post_tag","embeddable":true,"href":"https:\/\/www.2beauty.com.br\/blog\/wp-json\/wp\/v2\/tags?post=116740"}],"curies":[{"name":"wp","href":"https:\/\/api.w.org\/{rel}","templated":true}]}}