{"id":116445,"date":"2020-10-20T12:43:06","date_gmt":"2020-10-20T14:43:06","guid":{"rendered":"https:\/\/www.2beauty.com.br\/blog\/?p=116445"},"modified":"2020-10-27T13:59:21","modified_gmt":"2020-10-27T15:59:21","slug":"gel-para-pele-seca-bio-oil","status":"publish","type":"post","link":"https:\/\/www.2beauty.com.br\/blog\/2020\/10\/gel-para-pele-seca-bio-oil\/","title":{"rendered":"Gel para Pele Seca Bio-Oil"},"content":{"rendered":"\n<script async=\"\" src=\"\/\/pagead2.googlesyndication.com\/pagead\/js\/adsbygoogle.js\"><\/script>\n<!-- Responsivo www.2beauty.com.br -->\n<ins class=\"adsbygoogle\" style=\"display:block\" data-ad-client=\"ca-pub-5401592170963248\" data-ad-slot=\"6719035301\" data-ad-format=\"auto\" data-full-width-responsive=\"true\"><\/ins>\n<script>\n(adsbygoogle = window.adsbygoogle || []).push({});\n<\/script>\n\n\n\n<hr class=\"wp-block-separator\"\/>\n\n\n\n<figure class=\"wp-block-image\"><img fetchpriority=\"high\" decoding=\"async\" width=\"900\" height=\"600\" src=\"https:\/\/www.2beauty.com.br\/blog\/wp-content\/uploads\/2020\/10\/gel1.jpg\" alt=\"Gel para Pele Seca Bio-Oil\" class=\"wp-image-116446\" srcset=\"https:\/\/www.2beauty.com.br\/blog\/wp-content\/uploads\/2020\/10\/gel1.jpg 900w, https:\/\/www.2beauty.com.br\/blog\/wp-content\/uploads\/2020\/10\/gel1-580x387.jpg 580w, https:\/\/www.2beauty.com.br\/blog\/wp-content\/uploads\/2020\/10\/gel1-768x512.jpg 768w, https:\/\/www.2beauty.com.br\/blog\/wp-content\/uploads\/2020\/10\/gel1-620x413.jpg 620w, https:\/\/www.2beauty.com.br\/blog\/wp-content\/uploads\/2020\/10\/gel1-860x573.jpg 860w\" sizes=\"(max-width: 900px) 100vw, 900px\" \/><\/figure>\n\n\n\n<p>Muita gente j\u00e1 conhece o famoso Bio-Oil, um \u00f3leo que auxilia na preven\u00e7\u00e3o e no tratamento de manchas e estrias.<\/p>\n\n\n\n<h3 class=\"wp-block-heading\">Al\u00e9m do \u00d3leo, a marca tem o Gel para Pele Seca.<\/h3>\n\n\n\n<p>Estou usando ele h\u00e1 algum tempo, pois fui contratada para participar da divulga\u00e7\u00e3o no Instagram.<\/p>\n\n\n\n<p>O diferencial desse produto \u00e9 que ele <strong>possui apenas 3% de \u00e1gua<\/strong> em sua f\u00f3rmula, enquanto cremes e lo\u00e7\u00f5es comuns cont\u00eam certa de 70% de \u00e1gua.<\/p>\n\n\n\n<p>\u00c1gua evapora e como manteigas, \u00f3leos e umectantes somam 80% da composi\u00e7\u00e3o do Gel, ele hidrata intensamente e por mais tempo, pois permanece na pele.<\/p>\n\n\n\n<p>O Gel para Pele Seca \u00e9 <strong>indicado para pessoas com pele seca<\/strong> ou regi\u00f5es ressecadas como cotovelos e calcanhar, sintomas de psor\u00edase, queimaduras de sol e regi\u00f5es de clima frio, que causam o ressecamento da pele.<\/p>\n\n\n\n<p>Ele pode ser usado no corpo, no rosto e at\u00e9 nos l\u00e1bios.<\/p>\n\n\n\n<h3 class=\"wp-block-heading\">Gel x \u00d3leo<\/h3>\n\n\n\n<p>O \u00d3leo de Bio-Oil ajuda a tratar estrias e manchas enquanto o Gel foi feito para hidratar profundamente a pele seca, retendo a umidade por um per\u00edodo prolongado de tempo.<\/p>\n\n\n\n<p><strong>Ele N\u00c3O tem a\u00e7\u00e3o em estrias e manchas.<\/strong><\/p>\n\n\n\n<p>Quanto ao sensorial, a textura do Gel \u00e9 mais delicada na pele e seu perfume \u00e9 bem mais leve do que o do \u00d3leo (o que eu prefiro).<\/p>\n\n\n\n<figure class=\"wp-block-image\"><img decoding=\"async\" width=\"900\" height=\"600\" src=\"https:\/\/www.2beauty.com.br\/blog\/wp-content\/uploads\/2020\/10\/gel2.jpg\" alt=\"Gel para Pele Seca Bio-Oil\" class=\"wp-image-116447\" srcset=\"https:\/\/www.2beauty.com.br\/blog\/wp-content\/uploads\/2020\/10\/gel2.jpg 900w, https:\/\/www.2beauty.com.br\/blog\/wp-content\/uploads\/2020\/10\/gel2-580x387.jpg 580w, https:\/\/www.2beauty.com.br\/blog\/wp-content\/uploads\/2020\/10\/gel2-768x512.jpg 768w, https:\/\/www.2beauty.com.br\/blog\/wp-content\/uploads\/2020\/10\/gel2-620x413.jpg 620w, https:\/\/www.2beauty.com.br\/blog\/wp-content\/uploads\/2020\/10\/gel2-860x573.jpg 860w\" sizes=\"(max-width: 900px) 100vw, 900px\" \/><\/figure>\n\n\n\n<h3 class=\"wp-block-heading\">Sensorial<\/h3>\n\n\n\n<p>A textura do gel \u00e9 muito fresca e delicada.<\/p>\n\n\n\n<p>Seu aroma \u00e9 bem gostosinho e o rendimento \u00e9 \u00f3timo!<\/p>\n\n\n\n<p>Ele *estica* ou seja, voc\u00ea pode espalhar uma quantidade pequena de produto em uma \u00e1rea grande do corpo sem problemas.<\/p>\n\n\n\n<p>Ali\u00e1s, \u00e9 sempre melhor come\u00e7ar com uma quantidade m\u00ednima e espalhar bastante. <\/p>\n\n\n\n<p>S\u00f3 aplique mais se achar realmente necess\u00e1rio.<\/p>\n\n\n\n<p>Ap\u00f3s a aplica\u00e7\u00e3o, o Gel deixa a pele bem lustrosa, quase como um \u00f3leo, mas a sensa\u00e7\u00e3o ao toque \u00e9 menos melequenta.<\/p>\n\n\n\n<p>Ele desliza, mas n\u00e3o gruda.<\/p>\n\n\n\n<p>Ap\u00f3s alguns minutos, esse aspecto vai ficando mais suave, mas <strong>se voc\u00ea n\u00e3o gosta de produtos que deixam res\u00edduo, melhor evitar o Gel.<\/strong><\/p>\n\n\n\n<h3 class=\"wp-block-heading\">Rendimento<\/h3>\n\n\n\n<p>Usando por duas semanas, aplicando diariamente no corpo todo (do pesco\u00e7o at\u00e9 os p\u00e9s), gastei um pouco mais de um ter\u00e7o do pote grande.<\/p>\n\n\n\n<p>Ainda n\u00e3o terminei minha embalagem de 200ml, mas <strong>estimo que ela dure em torno de um m\u00eas e uma semana<\/strong> ou um m\u00eas e meio.<\/p>\n\n\n\n<figure class=\"wp-block-image\"><img decoding=\"async\" width=\"900\" height=\"600\" src=\"https:\/\/www.2beauty.com.br\/blog\/wp-content\/uploads\/2020\/10\/gel3.jpg\" alt=\"Gel para Pele Seca Bio-Oil\" class=\"wp-image-116448\" srcset=\"https:\/\/www.2beauty.com.br\/blog\/wp-content\/uploads\/2020\/10\/gel3.jpg 900w, https:\/\/www.2beauty.com.br\/blog\/wp-content\/uploads\/2020\/10\/gel3-580x387.jpg 580w, https:\/\/www.2beauty.com.br\/blog\/wp-content\/uploads\/2020\/10\/gel3-768x512.jpg 768w, https:\/\/www.2beauty.com.br\/blog\/wp-content\/uploads\/2020\/10\/gel3-620x413.jpg 620w, https:\/\/www.2beauty.com.br\/blog\/wp-content\/uploads\/2020\/10\/gel3-860x573.jpg 860w\" sizes=\"(max-width: 900px) 100vw, 900px\" \/><\/figure>\n\n\n\n<h3 class=\"wp-block-heading\">Minha experi\u00eancia<\/h3>\n\n\n\n<p>Gostei!<\/p>\n\n\n\n<p>A hidrata\u00e7\u00e3o \u00e9 muito boa e <strong>a pele mant\u00e9m o aspecto vi\u00e7oso por bastante tempo.<\/strong><\/p>\n\n\n\n<p>Tomo banho, hidrato e no dia seguinte a pele do corpo ainda t\u00e1 bonita.<\/p>\n\n\n\n<p>O Gel pode ser usado no rosto, mas como a pele do meu rosto \u00e9 mista, uso apenas do pesco\u00e7o pra baixo.<\/p>\n\n\n\n<p> Ap\u00f3s espalhar o produto no corpo, passo nos l\u00e1bios o restinho de Gel que ainda estiver nos dedos, pois funciona super bem como balm labial.<\/p>\n\n\n\n<h3 class=\"wp-block-heading\">Tamanhos e pre\u00e7os<\/h3>\n\n\n\n<p>O Gel para Pele Seca est\u00e1 dispon\u00edvel em embalagens de <\/p>\n\n\n\n<div class=\"shopthepost-widget\" data-widget-id=\"4222391\">\r\n                <script type=\"text\/javascript\" language=\"javascript\">\r\n                    !function(d,s,id){\r\n                        var e, p = \/^http:\/.test(d.location) ? 'http' : 'https';\r\n                        if(!d.getElementById(id)) {\r\n                            e     = d.createElement(s);\r\n                            e.id  = id;\r\n                            e.src = p + ':\/\/widgets.rewardstyle.com\/js\/shopthepost.js';\r\n                            d.body.appendChild(e);\r\n                        }\r\n                        if(typeof window.__stp === 'object') if(d.readyState === 'complete') {\r\n                            window.__stp.init();\r\n                        }\r\n                    }(document, 'script', 'shopthepost-script');\r\n                <\/script>\r\n                <div class=\"rs-adblock\">\r\n                    <img decoding=\"async\" src=\"\/\/assets.rewardstyle.com\/images\/search\/350.gif\" style=\"width:15px;height:15px;\" onerror=\"this.parentNode.innerHTML='Turn off your ad blocker to view content'\" \/>\r\n                    <noscript>Turn on your JavaScript to view content<\/noscript>\r\n                <\/div>\r\n            <\/div>\n","protected":false},"excerpt":{"rendered":"<p>\u00d3timo pra quem tem pele seca, pois hidrata muito e rende bastante!<\/p>\n","protected":false},"author":1,"featured_media":116448,"comment_status":"open","ping_status":"closed","sticky":false,"template":"","format":"standard","meta":{"_uag_custom_page_level_css":"","footnotes":""},"categories":[132],"tags":[4613,3920,4315],"class_list":["post-116445","post","type-post","status-publish","format-standard","has-post-thumbnail","hentry","category-produtos-e-cuidados-com-a-pele","tag-bio-oil","tag-hidratantes","tag-skin-care"],"uagb_featured_image_src":{"full":["https:\/\/www.2beauty.com.br\/blog\/wp-content\/uploads\/2020\/10\/gel3.jpg",900,600,false],"thumbnail":["https:\/\/www.2beauty.com.br\/blog\/wp-content\/uploads\/2020\/10\/gel3-300x250.jpg",300,250,true],"medium":["https:\/\/www.2beauty.com.br\/blog\/wp-content\/uploads\/2020\/10\/gel3-580x387.jpg",580,387,true],"medium_large":["https:\/\/www.2beauty.com.br\/blog\/wp-content\/uploads\/2020\/10\/gel3-768x512.jpg",768,512,true],"large":["https:\/\/www.2beauty.com.br\/blog\/wp-content\/uploads\/2020\/10\/gel3-620x413.jpg",620,413,true],"1536x1536":["https:\/\/www.2beauty.com.br\/blog\/wp-content\/uploads\/2020\/10\/gel3.jpg",900,600,false],"2048x2048":["https:\/\/www.2beauty.com.br\/blog\/wp-content\/uploads\/2020\/10\/gel3.jpg",900,600,false],"ashe-slider-grid-thumbnail":["https:\/\/www.2beauty.com.br\/blog\/wp-content\/uploads\/2020\/10\/gel3.jpg",810,540,false],"ashe-full-thumbnail":["https:\/\/www.2beauty.com.br\/blog\/wp-content\/uploads\/2020\/10\/gel3.jpg",900,600,false],"ashe-grid-thumbnail":["https:\/\/www.2beauty.com.br\/blog\/wp-content\/uploads\/2020\/10\/gel3.jpg",495,330,false],"ashe-list-thumbnail":["https:\/\/www.2beauty.com.br\/blog\/wp-content\/uploads\/2020\/10\/gel3.jpg",300,200,false],"ashe-single-navigation":["https:\/\/www.2beauty.com.br\/blog\/wp-content\/uploads\/2020\/10\/gel3.jpg",75,50,false]},"uagb_author_info":{"display_name":"Marina Smith","author_link":"https:\/\/www.2beauty.com.br\/blog\/author\/marinasmith\/"},"uagb_comment_info":0,"uagb_excerpt":"\u00d3timo pra quem tem pele seca, pois hidrata muito e rende bastante!","acf":[],"_links":{"self":[{"href":"https:\/\/www.2beauty.com.br\/blog\/wp-json\/wp\/v2\/posts\/116445","targetHints":{"allow":["GET"]}}],"collection":[{"href":"https:\/\/www.2beauty.com.br\/blog\/wp-json\/wp\/v2\/posts"}],"about":[{"href":"https:\/\/www.2beauty.com.br\/blog\/wp-json\/wp\/v2\/types\/post"}],"author":[{"embeddable":true,"href":"https:\/\/www.2beauty.com.br\/blog\/wp-json\/wp\/v2\/users\/1"}],"replies":[{"embeddable":true,"href":"https:\/\/www.2beauty.com.br\/blog\/wp-json\/wp\/v2\/comments?post=116445"}],"version-history":[{"count":3,"href":"https:\/\/www.2beauty.com.br\/blog\/wp-json\/wp\/v2\/posts\/116445\/revisions"}],"predecessor-version":[{"id":116460,"href":"https:\/\/www.2beauty.com.br\/blog\/wp-json\/wp\/v2\/posts\/116445\/revisions\/116460"}],"wp:featuredmedia":[{"embeddable":true,"href":"https:\/\/www.2beauty.com.br\/blog\/wp-json\/wp\/v2\/media\/116448"}],"wp:attachment":[{"href":"https:\/\/www.2beauty.com.br\/blog\/wp-json\/wp\/v2\/media?parent=116445"}],"wp:term":[{"taxonomy":"category","embeddable":true,"href":"https:\/\/www.2beauty.com.br\/blog\/wp-json\/wp\/v2\/categories?post=116445"},{"taxonomy":"post_tag","embeddable":true,"href":"https:\/\/www.2beauty.com.br\/blog\/wp-json\/wp\/v2\/tags?post=116445"}],"curies":[{"name":"wp","href":"https:\/\/api.w.org\/{rel}","templated":true}]}}