{"id":116120,"date":"2020-08-26T22:07:04","date_gmt":"2020-08-27T00:07:04","guid":{"rendered":"https:\/\/www.2beauty.com.br\/blog\/?p=116120"},"modified":"2021-06-18T14:53:31","modified_gmt":"2021-06-18T16:53:31","slug":"nadasemmeuvinho-chegou","status":"publish","type":"post","link":"https:\/\/www.2beauty.com.br\/blog\/2020\/08\/nadasemmeuvinho-chegou\/","title":{"rendered":"Um brinde! #NadaSemMeuVinho"},"content":{"rendered":"\r\n<p><script async=\"\" src=\"\/\/pagead2.googlesyndication.com\/pagead\/js\/adsbygoogle.js\"><\/script><\/p>\r\n<!-- Responsivo www.2beauty.com.br -->\r\n<p><ins class=\"adsbygoogle\" style=\"display: block;\" data-ad-client=\"ca-pub-5401592170963248\" data-ad-slot=\"6719035301\" data-ad-format=\"auto\" data-full-width-responsive=\"true\"><\/ins> <script>\r\n(adsbygoogle = window.adsbygoogle || []).push({});\r\n<\/script><\/p>\r\n\r\n\r\n<hr class=\"wp-block-separator\" \/>\r\n\r\n\r\n<p><iframe frameborder=\"0\" height=\"506\" src=\"https:\/\/www.youtube.com\/embed\/f7hiigWAWHc\" width=\"900\"><\/iframe><\/p>\r\n\r\n\r\n\r\n<h3 class=\"wp-block-heading\">T\u00e1 no ar <a href=\"http:\/\/2bty.co\/NadaSemMeuVinho\" target=\"_blank\" rel=\"noreferrer noopener\" aria-label=\"#NadaSemMeuVinh (abre numa nova aba)\">#NadaSemMeuVinho!<\/a><\/h3>\r\n\r\n\r\n\r\n<p>Um trio com <strong>ingredientes da uva para deixar sua pele um p\u00eassego ;)<\/strong><\/p>\r\n\r\n\r\n\r\n<p>Os <strong>derivados da uva<\/strong> combatem os sinais do envelhecimento, pois <strong>hidratam e protegem a pele<\/strong> contra os radicais livres.<\/p>\r\n\r\n\r\n\r\n<p>A fruta \u00e9 rica em vitaminas, sais minerais e Resveratrol, potente antioxidante que protege contra a degrada\u00e7\u00e3o da elastina e das fibras de col\u00e1geno respons\u00e1veis pela <strong>manuten\u00e7\u00e3o da elasticidade e da firmeza da pele.<\/strong><\/p>\r\n\r\n\r\n\r\n<p>Nosso trio para spa caseiro conta com m\u00e1scara facial, bruma e hidratante antioxidante com toque seco.<\/p>\r\n\r\n\r\n\r\n<p><strong>Est\u00e1 dispon\u00edvel agora<\/strong> na <a href=\"http:\/\/2bty.co\/NadaSemMeuVinho\" target=\"_blank\" rel=\"noreferrer noopener\" aria-label=\"\u00c9poca Cosm\u00e9ticos (abre numa nova aba)\">\u00c9poca Cosm\u00e9ticos<\/a> e em breve chegar\u00e1 aos sites Sephora e Beleza na Web.<\/p>\r\n\r\n\r\n\r\n<figure class=\"wp-block-image\"><img fetchpriority=\"high\" decoding=\"async\" width=\"900\" height=\"600\" class=\"wp-image-116129\" src=\"https:\/\/www.2beauty.com.br\/blog\/wp-content\/uploads\/2020\/08\/nadasemmeuvinho1-1.jpg\" alt=\"#NadaSemMeuVinho chegou!\" srcset=\"https:\/\/www.2beauty.com.br\/blog\/wp-content\/uploads\/2020\/08\/nadasemmeuvinho1-1.jpg 900w, https:\/\/www.2beauty.com.br\/blog\/wp-content\/uploads\/2020\/08\/nadasemmeuvinho1-1-580x387.jpg 580w, https:\/\/www.2beauty.com.br\/blog\/wp-content\/uploads\/2020\/08\/nadasemmeuvinho1-1-768x512.jpg 768w, https:\/\/www.2beauty.com.br\/blog\/wp-content\/uploads\/2020\/08\/nadasemmeuvinho1-1-620x413.jpg 620w, https:\/\/www.2beauty.com.br\/blog\/wp-content\/uploads\/2020\/08\/nadasemmeuvinho1-1-860x573.jpg 860w\" sizes=\"(max-width: 900px) 100vw, 900px\" \/><\/figure>\r\n\r\n\r\n\r\n<h3 class=\"wp-block-heading\">M\u00e1scara Facial Resveratrol #NadaSemMeuVinho<\/h3>\r\n\r\n\r\n\r\n<p><strong>O que \u00e9?<\/strong> M\u00e1scara facial em gel para aplica\u00e7\u00e3o noturna ou diurna.<\/p>\r\n\r\n\r\n\r\n<p><strong>O que faz?<\/strong> Reequilibra a pele com dose ideal de nutri\u00e7\u00e3o, hidrata\u00e7\u00e3o e frescor.<\/p>\r\n\r\n\r\n\r\n<p><strong>Modo de uso diurno:<\/strong> Uma ou duas vezes por semana, aplique uma camada fina e homog\u00eanea sobre a pele, evitando a \u00e1rea dos olhos e dos l\u00e1bios. Deixe agir por 20 minutos* e remova enxaguando com \u00e1gua.<\/p>\r\n\r\n\r\n\r\n<p>*20 minutos \u00e9 nossa sugest\u00e3o <strong>m\u00ednima<\/strong> de tempo.<\/p>\r\n\r\n\r\n\r\n<p><strong>Modo de uso noturno:<\/strong> Uma ou duas vezes por semana, aplique uma camada fina e homog\u00eanea sobre a pele, evitando a \u00e1rea dos olhos e dos l\u00e1bios. Deixe secar por 10 minutos antes de dormir. Ao acordar, remova enxaguando com \u00e1gua.<\/p>\r\n\r\n\r\n\r\n<p><strong>Cont\u00e9m:<\/strong> Fragr\u00e2ncia.<\/p>\r\n\r\n\r\n\r\n<p><strong>N\u00c3O cont\u00e9m:<\/strong> Parabenos, Corantes e \u00c1lcool.<\/p>\r\n\r\n\r\n\r\n<h3 class=\"wp-block-heading\">Bruma Facial Resveratrol #NadaSemMeuVinho<\/h3>\r\n\r\n\r\n\r\n<p><strong>O que \u00e9?<\/strong> Bruma hidratante, calmante e antioxidante.<\/p>\r\n\r\n\r\n\r\n<p><strong>O que faz?<\/strong> Hidrata suavemente, refresca e acalma a pele.<\/p>\r\n\r\n\r\n\r\n<p><strong>Modo de uso:<\/strong> Pode ser utilizada a qualquer momento do dia, sempre que houver a necessidade de refrescar e hidratar a pele. Borrife a bruma a 35-40cm de dist\u00e2ncia da face em movimentos de X ou T, cobrindo todo o rosto.<\/p>\r\n\r\n\r\n\r\n<p><strong>N\u00c3O cont\u00e9m:<\/strong> Parabenos, Corantes, \u00c1lcool e Fragr\u00e2ncia*.<\/p>\r\n\r\n\r\n\r\n<p>*A Bruma tem um aroma muito percept\u00edvel e agrad\u00e1vel, mas sua f\u00f3rmula n\u00e3o cont\u00e9m fragr\u00e2ncia ou seja, o perfume vem de seus ingredientes e n\u00e3o de algo extra que adicionamos. Escolhi deixar assim, pois \u00e9 um cheirinho muito bom, apesar de n\u00e3o ser igual ao dos outros dois itens da linha.<\/p>\r\n\r\n\r\n\r\n<figure class=\"wp-block-image\"><img decoding=\"async\" width=\"900\" height=\"600\" class=\"wp-image-116130\" src=\"https:\/\/www.2beauty.com.br\/blog\/wp-content\/uploads\/2020\/08\/nadasemmeuvinho2.jpg\" alt=\"#NadaSemMeuVinho chegou!\" srcset=\"https:\/\/www.2beauty.com.br\/blog\/wp-content\/uploads\/2020\/08\/nadasemmeuvinho2.jpg 900w, https:\/\/www.2beauty.com.br\/blog\/wp-content\/uploads\/2020\/08\/nadasemmeuvinho2-580x387.jpg 580w, https:\/\/www.2beauty.com.br\/blog\/wp-content\/uploads\/2020\/08\/nadasemmeuvinho2-768x512.jpg 768w, https:\/\/www.2beauty.com.br\/blog\/wp-content\/uploads\/2020\/08\/nadasemmeuvinho2-620x413.jpg 620w, https:\/\/www.2beauty.com.br\/blog\/wp-content\/uploads\/2020\/08\/nadasemmeuvinho2-860x573.jpg 860w\" sizes=\"(max-width: 900px) 100vw, 900px\" \/><\/figure>\r\n\r\n\r\n\r\n<h3 class=\"wp-block-heading\">Hidratante Facial Resveratrol #NadaSemMeuVinho<\/h3>\r\n\r\n\r\n\r\n<p><strong>O que \u00e9?<\/strong> Hidratante antioxidante di\u00e1rio com textura gel-creme e toque seco.<\/p>\r\n\r\n\r\n\r\n<p><strong>O que faz?<\/strong> Com textura delicada e sem deixar res\u00edduo oleoso, o produto hidrata e ajuda a prevenir linhas de express\u00e3o.<\/p>\r\n\r\n\r\n\r\n<p><strong>Modo de uso: <\/strong>Sobre a pele limpa e seca, aplique 2x ao dia, pela manh\u00e3 e \u00e0 noite, no rosto e no pesco\u00e7o.<\/p>\r\n\r\n\r\n\r\n<p><strong>Cont\u00e9m:<\/strong> Fragr\u00e2ncia.<\/p>\r\n\r\n\r\n\r\n<p><strong>N\u00c3O cont\u00e9m:<\/strong> Parabenos, Corantes e \u00c1lcool.<\/p>\r\n\r\n\r\n<hr class=\"wp-block-separator\" \/>\r\n\r\n\r\n<h3 class=\"wp-block-heading\">Mais infos<\/h3>\r\n\r\n\r\n\r\n<p>Os produtos <strong>n\u00e3o s\u00e3o testados em animais<\/strong> e <strong>n\u00e3o cont\u00e9m ingredientes de origem animal.<\/strong><\/p>\r\n\r\n\r\n\r\n<p><strong>Pre\u00e7os:<\/strong> Na \u00c9poca Cosm\u00e9ticos, <a href=\"http:\/\/2bty.co\/NadaSemMeuVinho\" target=\"_blank\" rel=\"noreferrer noopener\" aria-label=\"o hidratante custa R$98,80, a m\u00e1scara custa R$65,55 e a bruma, R$67,45. (abre numa nova aba)\">o hidratante custa R$98,80, a m\u00e1scara custa R$65,55 e a bruma, R$67,45.<\/a><\/p>\r\n\r\n\r\n\r\n<p><strong>Usando os tr\u00eas juntos:<\/strong> Comece pela m\u00e1scara, deixe o produto agir por pelo menos 20min, remova com \u00e1gua, borrife a bruma, deixe agir por alguns minutos e ent\u00e3o aplique o hidratante facial.<\/p>\r\n\r\n\r\n<hr class=\"wp-block-separator\" \/>\r\n\r\n\r\n<h4 class=\"wp-block-heading\">Composi\u00e7\u00e3o m\u00e1scara:<\/h4>\r\n\r\n\r\n\r\n<figure class=\"wp-block-image\"><img decoding=\"async\" width=\"900\" height=\"304\" class=\"wp-image-116122\" src=\"https:\/\/www.2beauty.com.br\/blog\/wp-content\/uploads\/2020\/08\/mascara.jpg\" alt=\"\" srcset=\"https:\/\/www.2beauty.com.br\/blog\/wp-content\/uploads\/2020\/08\/mascara.jpg 900w, https:\/\/www.2beauty.com.br\/blog\/wp-content\/uploads\/2020\/08\/mascara-580x196.jpg 580w, https:\/\/www.2beauty.com.br\/blog\/wp-content\/uploads\/2020\/08\/mascara-768x259.jpg 768w, https:\/\/www.2beauty.com.br\/blog\/wp-content\/uploads\/2020\/08\/mascara-620x209.jpg 620w, https:\/\/www.2beauty.com.br\/blog\/wp-content\/uploads\/2020\/08\/mascara-860x290.jpg 860w\" sizes=\"(max-width: 900px) 100vw, 900px\" \/><\/figure>\r\n\r\n\r\n\r\n<h4 class=\"wp-block-heading\">Composi\u00e7\u00e3o bruma:<\/h4>\r\n\r\n\r\n\r\n<figure class=\"wp-block-image\"><img loading=\"lazy\" decoding=\"async\" width=\"900\" height=\"202\" class=\"wp-image-116123\" src=\"https:\/\/www.2beauty.com.br\/blog\/wp-content\/uploads\/2020\/08\/bruma.jpg\" alt=\"\" srcset=\"https:\/\/www.2beauty.com.br\/blog\/wp-content\/uploads\/2020\/08\/bruma.jpg 900w, https:\/\/www.2beauty.com.br\/blog\/wp-content\/uploads\/2020\/08\/bruma-580x130.jpg 580w, https:\/\/www.2beauty.com.br\/blog\/wp-content\/uploads\/2020\/08\/bruma-768x172.jpg 768w, https:\/\/www.2beauty.com.br\/blog\/wp-content\/uploads\/2020\/08\/bruma-620x139.jpg 620w, https:\/\/www.2beauty.com.br\/blog\/wp-content\/uploads\/2020\/08\/bruma-860x193.jpg 860w\" sizes=\"(max-width: 900px) 100vw, 900px\" \/><\/figure>\r\n\r\n\r\n\r\n<h4 class=\"wp-block-heading\">Composi\u00e7\u00e3o hidratante:<\/h4>\r\n\r\n\r\n\r\n<figure class=\"wp-block-image\"><img loading=\"lazy\" decoding=\"async\" width=\"900\" height=\"400\" class=\"wp-image-116124\" src=\"https:\/\/www.2beauty.com.br\/blog\/wp-content\/uploads\/2020\/08\/hidratante.jpg\" alt=\"\" srcset=\"https:\/\/www.2beauty.com.br\/blog\/wp-content\/uploads\/2020\/08\/hidratante.jpg 900w, https:\/\/www.2beauty.com.br\/blog\/wp-content\/uploads\/2020\/08\/hidratante-580x258.jpg 580w, https:\/\/www.2beauty.com.br\/blog\/wp-content\/uploads\/2020\/08\/hidratante-768x341.jpg 768w, https:\/\/www.2beauty.com.br\/blog\/wp-content\/uploads\/2020\/08\/hidratante-620x276.jpg 620w, https:\/\/www.2beauty.com.br\/blog\/wp-content\/uploads\/2020\/08\/hidratante-860x382.jpg 860w\" sizes=\"(max-width: 900px) 100vw, 900px\" \/><\/figure>\r\n","protected":false},"excerpt":{"rendered":"<p>Um trio com ingredientes da uva para deixar sua pele um p\u00eassego.<\/p>\n","protected":false},"author":1,"featured_media":116125,"comment_status":"open","ping_status":"closed","sticky":false,"template":"","format":"standard","meta":{"_uag_custom_page_level_css":"","footnotes":""},"categories":[3799,132],"tags":[4168,3920,4166,3912,4598,4315,4138],"class_list":["post-116120","post","type-post","status-publish","format-standard","has-post-thumbnail","hentry","category-produtos-do-blog","category-produtos-e-cuidados-com-a-pele","tag-antirrugas","tag-hidratantes","tag-linha-de-produtos-2beauty","tag-mascaras-2","tag-nada-sem-meu-vinho","tag-skin-care","tag-videos"],"uagb_featured_image_src":{"full":["https:\/\/www.2beauty.com.br\/blog\/wp-content\/uploads\/2020\/08\/nadasemmeuvinho1.jpg",900,600,false],"thumbnail":["https:\/\/www.2beauty.com.br\/blog\/wp-content\/uploads\/2020\/08\/nadasemmeuvinho1-300x250.jpg",300,250,true],"medium":["https:\/\/www.2beauty.com.br\/blog\/wp-content\/uploads\/2020\/08\/nadasemmeuvinho1-580x387.jpg",580,387,true],"medium_large":["https:\/\/www.2beauty.com.br\/blog\/wp-content\/uploads\/2020\/08\/nadasemmeuvinho1-768x512.jpg",768,512,true],"large":["https:\/\/www.2beauty.com.br\/blog\/wp-content\/uploads\/2020\/08\/nadasemmeuvinho1-620x413.jpg",620,413,true],"1536x1536":["https:\/\/www.2beauty.com.br\/blog\/wp-content\/uploads\/2020\/08\/nadasemmeuvinho1.jpg",900,600,false],"2048x2048":["https:\/\/www.2beauty.com.br\/blog\/wp-content\/uploads\/2020\/08\/nadasemmeuvinho1.jpg",900,600,false],"ashe-slider-grid-thumbnail":["https:\/\/www.2beauty.com.br\/blog\/wp-content\/uploads\/2020\/08\/nadasemmeuvinho1.jpg",810,540,false],"ashe-full-thumbnail":["https:\/\/www.2beauty.com.br\/blog\/wp-content\/uploads\/2020\/08\/nadasemmeuvinho1.jpg",900,600,false],"ashe-grid-thumbnail":["https:\/\/www.2beauty.com.br\/blog\/wp-content\/uploads\/2020\/08\/nadasemmeuvinho1.jpg",495,330,false],"ashe-list-thumbnail":["https:\/\/www.2beauty.com.br\/blog\/wp-content\/uploads\/2020\/08\/nadasemmeuvinho1.jpg",300,200,false],"ashe-single-navigation":["https:\/\/www.2beauty.com.br\/blog\/wp-content\/uploads\/2020\/08\/nadasemmeuvinho1.jpg",75,50,false]},"uagb_author_info":{"display_name":"Marina Smith","author_link":"https:\/\/www.2beauty.com.br\/blog\/author\/marinasmith\/"},"uagb_comment_info":1,"uagb_excerpt":"Um trio com ingredientes da uva para deixar sua pele um p\u00eassego.","acf":[],"_links":{"self":[{"href":"https:\/\/www.2beauty.com.br\/blog\/wp-json\/wp\/v2\/posts\/116120","targetHints":{"allow":["GET"]}}],"collection":[{"href":"https:\/\/www.2beauty.com.br\/blog\/wp-json\/wp\/v2\/posts"}],"about":[{"href":"https:\/\/www.2beauty.com.br\/blog\/wp-json\/wp\/v2\/types\/post"}],"author":[{"embeddable":true,"href":"https:\/\/www.2beauty.com.br\/blog\/wp-json\/wp\/v2\/users\/1"}],"replies":[{"embeddable":true,"href":"https:\/\/www.2beauty.com.br\/blog\/wp-json\/wp\/v2\/comments?post=116120"}],"version-history":[{"count":3,"href":"https:\/\/www.2beauty.com.br\/blog\/wp-json\/wp\/v2\/posts\/116120\/revisions"}],"predecessor-version":[{"id":118296,"href":"https:\/\/www.2beauty.com.br\/blog\/wp-json\/wp\/v2\/posts\/116120\/revisions\/118296"}],"wp:featuredmedia":[{"embeddable":true,"href":"https:\/\/www.2beauty.com.br\/blog\/wp-json\/wp\/v2\/media\/116125"}],"wp:attachment":[{"href":"https:\/\/www.2beauty.com.br\/blog\/wp-json\/wp\/v2\/media?parent=116120"}],"wp:term":[{"taxonomy":"category","embeddable":true,"href":"https:\/\/www.2beauty.com.br\/blog\/wp-json\/wp\/v2\/categories?post=116120"},{"taxonomy":"post_tag","embeddable":true,"href":"https:\/\/www.2beauty.com.br\/blog\/wp-json\/wp\/v2\/tags?post=116120"}],"curies":[{"name":"wp","href":"https:\/\/api.w.org\/{rel}","templated":true}]}}