{"id":115013,"date":"2020-03-04T05:21:48","date_gmt":"2020-03-04T07:21:48","guid":{"rendered":"https:\/\/www.2beauty.com.br\/blog\/?p=115013"},"modified":"2020-03-15T06:37:10","modified_gmt":"2020-03-15T08:37:10","slug":"desafio1livropormes-a-ultima-festa","status":"publish","type":"post","link":"https:\/\/www.2beauty.com.br\/blog\/2020\/03\/desafio1livropormes-a-ultima-festa\/","title":{"rendered":"#Desafio1LivroPorM\u00eas: A \u00daltima Festa"},"content":{"rendered":"\n<script async=\"\" src=\"\/\/pagead2.googlesyndication.com\/pagead\/js\/adsbygoogle.js\"><\/script>\n<!-- Responsivo www.2beauty.com.br -->\n<ins class=\"adsbygoogle\" style=\"display:block\" data-ad-client=\"ca-pub-5401592170963248\" data-ad-slot=\"6719035301\" data-ad-format=\"auto\" data-full-width-responsive=\"true\"><\/ins>\n<script>\n(adsbygoogle = window.adsbygoogle || []).push({});\n<\/script>\n\n\n\n<hr class=\"wp-block-separator\"\/>\n\n\n\n<figure class=\"wp-block-image\"><img fetchpriority=\"high\" decoding=\"async\" width=\"900\" height=\"600\" src=\"https:\/\/www.2beauty.com.br\/blog\/wp-content\/uploads\/2020\/03\/aultimafesta.jpg\" alt=\"#Desafio1LivroPorM\u00eas: A \u00daltima Festa\" class=\"wp-image-115014\" srcset=\"https:\/\/www.2beauty.com.br\/blog\/wp-content\/uploads\/2020\/03\/aultimafesta.jpg 900w, https:\/\/www.2beauty.com.br\/blog\/wp-content\/uploads\/2020\/03\/aultimafesta-580x387.jpg 580w, https:\/\/www.2beauty.com.br\/blog\/wp-content\/uploads\/2020\/03\/aultimafesta-768x512.jpg 768w, https:\/\/www.2beauty.com.br\/blog\/wp-content\/uploads\/2020\/03\/aultimafesta-620x413.jpg 620w, https:\/\/www.2beauty.com.br\/blog\/wp-content\/uploads\/2020\/03\/aultimafesta-860x573.jpg 860w\" sizes=\"(max-width: 900px) 100vw, 900px\" \/><\/figure>\n\n\n\n<p>Tenho postado alguns stories sobre minhas leituras desde que entrei para o <a rel=\"noreferrer noopener\" aria-label=\"#Desafio1LivroPorM\u00eas da TAG (abre numa nova aba)\" href=\"https:\/\/taglivros.com\/desafio1livropormes\" target=\"_blank\">#Desafio1LivroPorM\u00eas da TAG<\/a>,  mas falo dos livros de forma muito rasa. <\/p>\n\n\n\n<p>A\u00ed sabe o que eu pensei? <\/p>\n\n\n\n<p>Que seria \u00fatil postar <strong>resenhas curtinhas<\/strong> sobre cada um dos t\u00edtulos que eu terminar. T\u00f4  atrasada, porque j\u00e1 li cinco, mas antes tarde do que nunca, n\u00e3o \u00e9?\u2800<\/p>\n\n\n\n<h3 class=\"wp-block-heading\">Este \u00e9 \u201cA \u00daltima Festa\u201d de Lucy Foley, meu livro 1\/12 do desafio. <\/h3>\n\n\n\n<p>Veio num press kit da Intr\u00ednseca e assim que bati o olho nele, fiquei com vontade de ler, porque <strong>lembra os cl\u00e1ssicos da Agatha Christie.\u2800<\/strong><\/p>\n\n\n\n<p>De  cara, a gente sabe que algu\u00e9m foi assassinado, mas s\u00f3 descobrimos a  identidade da v\u00edtima nas \u00faltimas p\u00e1ginas.<\/p>\n\n\n\n<p>Sou curiosa e hist\u00f3rias assim sempre me prendem!\u2800<\/p>\n\n\n\n<figure class=\"wp-block-image\"><img decoding=\"async\" width=\"900\" height=\"660\" src=\"https:\/\/www.2beauty.com.br\/blog\/wp-content\/uploads\/2020\/03\/aultimafesta2.jpg\" alt=\"#Desafio1LivroPorM\u00eas: A \u00daltima Festa\" class=\"wp-image-115015\" srcset=\"https:\/\/www.2beauty.com.br\/blog\/wp-content\/uploads\/2020\/03\/aultimafesta2.jpg 900w, https:\/\/www.2beauty.com.br\/blog\/wp-content\/uploads\/2020\/03\/aultimafesta2-580x425.jpg 580w, https:\/\/www.2beauty.com.br\/blog\/wp-content\/uploads\/2020\/03\/aultimafesta2-768x563.jpg 768w, https:\/\/www.2beauty.com.br\/blog\/wp-content\/uploads\/2020\/03\/aultimafesta2-620x455.jpg 620w, https:\/\/www.2beauty.com.br\/blog\/wp-content\/uploads\/2020\/03\/aultimafesta2-860x631.jpg 860w\" sizes=\"(max-width: 900px) 100vw, 900px\" \/><\/figure>\n\n\n\n<h3 class=\"wp-block-heading\">Vamos \u00e0 sinopse:<\/h3>\n\n\n\n<p><em>Durante o recesso de  fim de ano, um grupo de amigos se re\u00fane para passar o r\u00e9veillon juntos,  uma tradi\u00e7\u00e3o iniciada h\u00e1 mais de dez anos, quando estavam na faculdade. Dessa vez, eles escolheram uma propriedade isolada nas Terras Altas da Esc\u00f3cia. A viagem come\u00e7a bem, mas aos poucos vamos percebendo que o  grupo n\u00e3o \u00e9 t\u00e3o unido assim. Segredos e picuinhas antigas v\u00eam \u00e0  superf\u00edcie e a tens\u00e3o vai aumentando at\u00e9 que um corpo \u00e9 encontrado na neve. <\/em><\/p>\n\n\n\n<p>Comentei que rola toda uma situa\u00e7\u00e3o \u201cningu\u00e9m entra, ningu\u00e9m sai\u201d  por conta de uma forte nevasca? <\/p>\n\n\n\n<p>Sim! Est\u00e3o todos presos, <strong>incluindo o  assassino.<\/strong><\/p>\n\n\n\n<p>A hist\u00f3ria \u00e9 contada sob a perspectiva dos  diferentes personagens e tem algumas idas e vindas no tempo que agu\u00e7aram  o meu interesse.<\/p>\n\n\n\n<p>O mais legal \u00e9 que o livro cont\u00e9m dois mist\u00e9rios em um: <strong>quem morreu e quem matou?! <\/strong><\/p>\n\n\n\n<p>Foi uma leitura r\u00e1pida,  porque n\u00e3o descansei at\u00e9 obter as respostas. <\/p>\n\n\n\n<p><strong>Curti bastante!<\/strong><\/p>\n\n\n\n<hr class=\"wp-block-separator\"\/>\n\n\n\n<p>Pra saber mais sobre minhas leituras e sobre o <strong>#ClubeDoLivroDoMarin\u00e3o<\/strong>, <a rel=\"noreferrer noopener\" href=\"https:\/\/www.2beauty.com.br\/blog\/leituras\/\" target=\"_blank\">clica aqui.<\/a><\/p>\n\n\n\n<div class=\"shopthepost-widget\" data-widget-id=\"3938697\">\r\n                <script type=\"text\/javascript\" language=\"javascript\">\r\n                    !function(d,s,id){\r\n                        var e, p = \/^http:\/.test(d.location) ? 'http' : 'https';\r\n                        if(!d.getElementById(id)) {\r\n                            e     = d.createElement(s);\r\n                            e.id  = id;\r\n                            e.src = p + ':\/\/widgets.rewardstyle.com\/js\/shopthepost.js';\r\n                            d.body.appendChild(e);\r\n                        }\r\n                        if(typeof window.__stp === 'object') if(d.readyState === 'complete') {\r\n                            window.__stp.init();\r\n                        }\r\n                    }(document, 'script', 'shopthepost-script');\r\n                <\/script>\r\n                <div class=\"rs-adblock\">\r\n                    <img decoding=\"async\" src=\"\/\/assets.rewardstyle.com\/images\/search\/350.gif\" style=\"width:15px;height:15px;\" onerror=\"this.parentNode.innerHTML='Turn off your ad blocker to view content'\" \/>\r\n                    <noscript>Turn on your JavaScript to view content<\/noscript>\r\n                <\/div>\r\n            <\/div>\n","protected":false},"excerpt":{"rendered":"<p>Entrei para o desafio e acho que pode ser \u00fatil postar resenhas curtinhas sobre cada um dos livros que eu terminar. T\u00f4 atrasada, porque j\u00e1 li cinco, mas antes tarde do que nunca, n\u00e9?\u2800<\/p>\n","protected":false},"author":1,"featured_media":115014,"comment_status":"open","ping_status":"closed","sticky":false,"template":"","format":"standard","meta":{"_uag_custom_page_level_css":"","footnotes":""},"categories":[4260],"tags":[4538,4541,4396],"class_list":["post-115013","post","type-post","status-publish","format-standard","has-post-thumbnail","hentry","category-minhas-leituras","tag-a-ultima-festa","tag-desafio-1-livro-por-mes","tag-leituras"],"uagb_featured_image_src":{"full":["https:\/\/www.2beauty.com.br\/blog\/wp-content\/uploads\/2020\/03\/aultimafesta.jpg",900,600,false],"thumbnail":["https:\/\/www.2beauty.com.br\/blog\/wp-content\/uploads\/2020\/03\/aultimafesta-300x250.jpg",300,250,true],"medium":["https:\/\/www.2beauty.com.br\/blog\/wp-content\/uploads\/2020\/03\/aultimafesta-580x387.jpg",580,387,true],"medium_large":["https:\/\/www.2beauty.com.br\/blog\/wp-content\/uploads\/2020\/03\/aultimafesta-768x512.jpg",768,512,true],"large":["https:\/\/www.2beauty.com.br\/blog\/wp-content\/uploads\/2020\/03\/aultimafesta-620x413.jpg",620,413,true],"1536x1536":["https:\/\/www.2beauty.com.br\/blog\/wp-content\/uploads\/2020\/03\/aultimafesta.jpg",900,600,false],"2048x2048":["https:\/\/www.2beauty.com.br\/blog\/wp-content\/uploads\/2020\/03\/aultimafesta.jpg",900,600,false],"ashe-slider-grid-thumbnail":["https:\/\/www.2beauty.com.br\/blog\/wp-content\/uploads\/2020\/03\/aultimafesta.jpg",810,540,false],"ashe-full-thumbnail":["https:\/\/www.2beauty.com.br\/blog\/wp-content\/uploads\/2020\/03\/aultimafesta.jpg",900,600,false],"ashe-grid-thumbnail":["https:\/\/www.2beauty.com.br\/blog\/wp-content\/uploads\/2020\/03\/aultimafesta.jpg",495,330,false],"ashe-list-thumbnail":["https:\/\/www.2beauty.com.br\/blog\/wp-content\/uploads\/2020\/03\/aultimafesta.jpg",300,200,false],"ashe-single-navigation":["https:\/\/www.2beauty.com.br\/blog\/wp-content\/uploads\/2020\/03\/aultimafesta.jpg",75,50,false]},"uagb_author_info":{"display_name":"Marina Smith","author_link":"https:\/\/www.2beauty.com.br\/blog\/author\/marinasmith\/"},"uagb_comment_info":1,"uagb_excerpt":"Entrei para o desafio e acho que pode ser \u00fatil postar resenhas curtinhas sobre cada um dos livros que eu terminar. T\u00f4 atrasada, porque j\u00e1 li cinco, mas antes tarde do que nunca, n\u00e9?\u2800","acf":[],"_links":{"self":[{"href":"https:\/\/www.2beauty.com.br\/blog\/wp-json\/wp\/v2\/posts\/115013","targetHints":{"allow":["GET"]}}],"collection":[{"href":"https:\/\/www.2beauty.com.br\/blog\/wp-json\/wp\/v2\/posts"}],"about":[{"href":"https:\/\/www.2beauty.com.br\/blog\/wp-json\/wp\/v2\/types\/post"}],"author":[{"embeddable":true,"href":"https:\/\/www.2beauty.com.br\/blog\/wp-json\/wp\/v2\/users\/1"}],"replies":[{"embeddable":true,"href":"https:\/\/www.2beauty.com.br\/blog\/wp-json\/wp\/v2\/comments?post=115013"}],"version-history":[{"count":3,"href":"https:\/\/www.2beauty.com.br\/blog\/wp-json\/wp\/v2\/posts\/115013\/revisions"}],"predecessor-version":[{"id":115176,"href":"https:\/\/www.2beauty.com.br\/blog\/wp-json\/wp\/v2\/posts\/115013\/revisions\/115176"}],"wp:featuredmedia":[{"embeddable":true,"href":"https:\/\/www.2beauty.com.br\/blog\/wp-json\/wp\/v2\/media\/115014"}],"wp:attachment":[{"href":"https:\/\/www.2beauty.com.br\/blog\/wp-json\/wp\/v2\/media?parent=115013"}],"wp:term":[{"taxonomy":"category","embeddable":true,"href":"https:\/\/www.2beauty.com.br\/blog\/wp-json\/wp\/v2\/categories?post=115013"},{"taxonomy":"post_tag","embeddable":true,"href":"https:\/\/www.2beauty.com.br\/blog\/wp-json\/wp\/v2\/tags?post=115013"}],"curies":[{"name":"wp","href":"https:\/\/api.w.org\/{rel}","templated":true}]}}