{"id":114439,"date":"2019-12-26T20:31:06","date_gmt":"2019-12-26T22:31:06","guid":{"rendered":"https:\/\/www.2beauty.com.br\/blog\/?p=114439"},"modified":"2020-02-18T05:26:43","modified_gmt":"2020-02-18T07:26:43","slug":"clube-do-livro-do-marinao-decima-quinta-edicao","status":"publish","type":"post","link":"https:\/\/www.2beauty.com.br\/blog\/2019\/12\/clube-do-livro-do-marinao-decima-quinta-edicao\/","title":{"rendered":"Clube do Livro do Marin\u00e3o \u2013 D\u00e9cima Quinta Edi\u00e7\u00e3o"},"content":{"rendered":"\n<script async=\"\" src=\"\/\/pagead2.googlesyndication.com\/pagead\/js\/adsbygoogle.js\"><\/script>\n<!-- Responsivo www.2beauty.com.br -->\n<ins class=\"adsbygoogle\" style=\"display:block\" data-ad-client=\"ca-pub-5401592170963248\" data-ad-slot=\"6719035301\" data-ad-format=\"auto\" data-full-width-responsive=\"true\"><\/ins>\n<script>\n(adsbygoogle = window.adsbygoogle || []).push({});\n<\/script>\n\n\n\n<hr class=\"wp-block-separator\"\/>\n\n\n\n<figure class=\"wp-block-image\"><img fetchpriority=\"high\" decoding=\"async\" width=\"900\" height=\"600\" src=\"https:\/\/www.2beauty.com.br\/blog\/wp-content\/uploads\/2019\/12\/CDL1.jpg\" alt=\"Clube do Livro do Marin\u00e3o \u2013 D\u00e9cima Quinta Edi\u00e7\u00e3o\" class=\"wp-image-114440\" srcset=\"https:\/\/www.2beauty.com.br\/blog\/wp-content\/uploads\/2019\/12\/CDL1.jpg 900w, https:\/\/www.2beauty.com.br\/blog\/wp-content\/uploads\/2019\/12\/CDL1-580x387.jpg 580w, https:\/\/www.2beauty.com.br\/blog\/wp-content\/uploads\/2019\/12\/CDL1-768x512.jpg 768w, https:\/\/www.2beauty.com.br\/blog\/wp-content\/uploads\/2019\/12\/CDL1-620x413.jpg 620w, https:\/\/www.2beauty.com.br\/blog\/wp-content\/uploads\/2019\/12\/CDL1-860x573.jpg 860w\" sizes=\"(max-width: 900px) 100vw, 900px\" \/><\/figure>\n\n\n\n<h3 class=\"wp-block-heading\">Pra quem est\u00e1 chegando agora e n\u00e3o conhece o Clube<\/h3>\n\n\n\n<p>Mensalmente um t\u00edtulo \u00e9 escolhido e anunciado aqui no blog e l\u00e1 no meu Instagram (<a href=\"https:\/\/www.instagram.com\/marina2beauty\/\" target=\"_blank\" rel=\"noreferrer noopener\">@marina2beauty<\/a>).<\/p>\n\n\n\n<p>Semanas depois, acontece uma live no Instagram para n\u00f3s batermos um papo sobre ele.<\/p>\n\n\n\n<p>N\u00e3o precisa se inscrever, reservar vaga ou algo assim.<\/p>\n\n\n\n<p><strong>Basta ler o livro e chegar chegando na live!<\/strong><\/p>\n\n\n\n<h3 class=\"wp-block-heading\">Detalhes da d\u00e9cima quinta edi\u00e7\u00e3o<\/h3>\n\n\n\n<p>Durante a \u00faltima live, foi sugerido que a primeira leitura de 2020 fosse uma biografia. <\/p>\n\n\n\n<p>Dentre as op\u00e7\u00f5es da enquete, &#8220;Minha Hist\u00f3ria&#8221; da ex-primeira-dama dos Estados Unidos, <strong>Michelle Obama<\/strong>, foi o t\u00edtulo escolhido pela maioria.<\/p>\n\n\n\n<p>Estou animad\u00edssima, porque quero que meu 2020 tenha muitas <strong>mulheres inspiradoras!<\/strong><\/p>\n\n\n\n<figure class=\"wp-block-image\"><img decoding=\"async\" width=\"900\" height=\"600\" src=\"https:\/\/www.2beauty.com.br\/blog\/wp-content\/uploads\/2019\/12\/CDL2.jpg\" alt=\"Clube do Livro do Marin\u00e3o \u2013 D\u00e9cima Quinta Edi\u00e7\u00e3o\" class=\"wp-image-114441\" srcset=\"https:\/\/www.2beauty.com.br\/blog\/wp-content\/uploads\/2019\/12\/CDL2.jpg 900w, https:\/\/www.2beauty.com.br\/blog\/wp-content\/uploads\/2019\/12\/CDL2-580x387.jpg 580w, https:\/\/www.2beauty.com.br\/blog\/wp-content\/uploads\/2019\/12\/CDL2-768x512.jpg 768w, https:\/\/www.2beauty.com.br\/blog\/wp-content\/uploads\/2019\/12\/CDL2-620x413.jpg 620w, https:\/\/www.2beauty.com.br\/blog\/wp-content\/uploads\/2019\/12\/CDL2-860x573.jpg 860w\" sizes=\"(max-width: 900px) 100vw, 900px\" \/><\/figure>\n\n\n\n<h3 class=\"wp-block-heading\">Sinopse<\/h3>\n\n\n\n<p><strong>Um relato \u00edntimo, poderoso e \ninspirador da ex-primeira-dama dos Estados Unidos. O livro que j\u00e1 vendeu\n mais de 10 milh\u00f5es de exemplares no mundo e est\u00e1 h\u00e1 mais de 16 semanas \nna lista de mais vendidos da <em>Veja<\/em>.<br><\/strong><\/p>\n\n\n\n<p>Com uma vida  repleta de realiza\u00e7\u00f5es significativas, Michelle Obama se consolidou como  uma das mulheres mais ic\u00f4nicas e cativantes de nosso tempo. Como  primeira-dama dos Estados Unidos \u2014 a primeira afro-americana a ocupar  essa posi\u00e7\u00e3o \u2014, ela ajudou a criar a mais acolhedora e inclusiva Casa  Branca da hist\u00f3ria. Ao mesmo tempo, se posicionou como uma poderosa  porta-voz das mulheres e meninas nos Estados Unidos e ao redor do mundo,  mudando drasticamente a forma como as fam\u00edlias levam suas vidas em  busca de um modelo mais saud\u00e1vel e ativo, e se posicionando ao lado de  seu marido durante os anos em que Obama presidiu os Estados Unidos em  alguns dos momentos mais angustiantes da hist\u00f3ria do pa\u00eds. Ao longo do  caminho, ela nos ensinou alguns passos de dan\u00e7a, arrasou no Carpool  Karaoke e criou duas filhas respons\u00e1veis e centradas, apesar do  impiedoso olhar da m\u00eddia.<\/p>\n\n\n\n<p>Em suas mem\u00f3rias, um trabalho de profunda  reflex\u00e3o e com uma narrativa envolvente, Michelle Obama convida os  leitores a conhecer seu mundo, recontando as experi\u00eancias que a moldaram  \u2014 da inf\u00e2ncia na regi\u00e3o de South Side, em Chicago, e os seus anos como  executiva tentando equilibrar as demandas da maternidade e do trabalho,  ao per\u00edodo em que passou no endere\u00e7o mais famoso do mundo. Com  honestidade e uma intelig\u00eancia agu\u00e7ada, ela descreve seus triunfos e  suas decep\u00e7\u00f5es, tanto p\u00fablicas quanto privadas, e conta toda a sua  hist\u00f3ria, conforme a viveu \u2014 em suas pr\u00f3prias palavras e em seus  pr\u00f3prios termos. Reconfortante, s\u00e1bio e revelador, <em>Minha hist\u00f3ria<\/em>  traz um relato \u00edntimo e singular, de uma mulher com alma e consist\u00eancia  que desafiou constantemente as expectativas \u2014 e cuja hist\u00f3ria nos  inspira a fazer o mesmo.<\/p>\n\n\n\n<h3 class=\"wp-block-heading\">Data da live<\/h3>\n\n\n\n<p><del>A live no Instagram est\u00e1 marcada para o dia <\/del><strong><del>9 de fevereiro, domingo, \u00e0s 19h.<\/del><\/strong><\/p>\n\n\n\n<p><strong>UPDATE:<\/strong> A data foi alterada para a semana seguinte, dia 16 de fevereiro, domingo, \u00e0s 19h, pois n\u00e3o estarei em casa no dia 09\/02 (aniver da afilhada).<\/p>\n\n\n\n<p>At\u00e9 fevereiro, pessoal! Boa leitura!<\/p>\n\n\n\n<div class=\"shopthepost-widget\" data-widget-id=\"3864143\">\r\n                <script type=\"text\/javascript\" language=\"javascript\">\r\n                    !function(d,s,id){\r\n                        var e, p = \/^http:\/.test(d.location) ? 'http' : 'https';\r\n                        if(!d.getElementById(id)) {\r\n                            e     = d.createElement(s);\r\n                            e.id  = id;\r\n                            e.src = p + ':\/\/widgets.rewardstyle.com\/js\/shopthepost.js';\r\n                            d.body.appendChild(e);\r\n                        }\r\n                        if(typeof window.__stp === 'object') if(d.readyState === 'complete') {\r\n                            window.__stp.init();\r\n                        }\r\n                    }(document, 'script', 'shopthepost-script');\r\n                <\/script>\r\n                <div class=\"rs-adblock\">\r\n                    <img decoding=\"async\" src=\"\/\/assets.rewardstyle.com\/images\/search\/350.gif\" style=\"width:15px;height:15px;\" onerror=\"this.parentNode.innerHTML='Turn off your ad blocker to view content'\" \/>\r\n                    <noscript>Turn on your JavaScript to view content<\/noscript>\r\n                <\/div>\r\n            <\/div>\n","protected":false},"excerpt":{"rendered":"<p>Estou animad\u00edssima, porque quero que meu 2020 tenha muitas mulheres inspiradoras!<\/p>\n","protected":false},"author":1,"featured_media":114440,"comment_status":"open","ping_status":"closed","sticky":false,"template":"","format":"standard","meta":{"_uag_custom_page_level_css":"","footnotes":""},"categories":[4278,4260],"tags":[4279,4396,4515,4514],"class_list":["post-114439","post","type-post","status-publish","format-standard","has-post-thumbnail","hentry","category-clube-do-livro-do-marinao","category-minhas-leituras","tag-clube-do-livro-do-marinao","tag-leituras","tag-michelle-obama","tag-minha-historia"],"uagb_featured_image_src":{"full":["https:\/\/www.2beauty.com.br\/blog\/wp-content\/uploads\/2019\/12\/CDL1.jpg",900,600,false],"thumbnail":["https:\/\/www.2beauty.com.br\/blog\/wp-content\/uploads\/2019\/12\/CDL1-300x250.jpg",300,250,true],"medium":["https:\/\/www.2beauty.com.br\/blog\/wp-content\/uploads\/2019\/12\/CDL1-580x387.jpg",580,387,true],"medium_large":["https:\/\/www.2beauty.com.br\/blog\/wp-content\/uploads\/2019\/12\/CDL1-768x512.jpg",768,512,true],"large":["https:\/\/www.2beauty.com.br\/blog\/wp-content\/uploads\/2019\/12\/CDL1-620x413.jpg",620,413,true],"1536x1536":["https:\/\/www.2beauty.com.br\/blog\/wp-content\/uploads\/2019\/12\/CDL1.jpg",900,600,false],"2048x2048":["https:\/\/www.2beauty.com.br\/blog\/wp-content\/uploads\/2019\/12\/CDL1.jpg",900,600,false],"ashe-slider-grid-thumbnail":["https:\/\/www.2beauty.com.br\/blog\/wp-content\/uploads\/2019\/12\/CDL1.jpg",810,540,false],"ashe-full-thumbnail":["https:\/\/www.2beauty.com.br\/blog\/wp-content\/uploads\/2019\/12\/CDL1.jpg",900,600,false],"ashe-grid-thumbnail":["https:\/\/www.2beauty.com.br\/blog\/wp-content\/uploads\/2019\/12\/CDL1.jpg",495,330,false],"ashe-list-thumbnail":["https:\/\/www.2beauty.com.br\/blog\/wp-content\/uploads\/2019\/12\/CDL1.jpg",300,200,false],"ashe-single-navigation":["https:\/\/www.2beauty.com.br\/blog\/wp-content\/uploads\/2019\/12\/CDL1.jpg",75,50,false]},"uagb_author_info":{"display_name":"Marina Smith","author_link":"https:\/\/www.2beauty.com.br\/blog\/author\/marinasmith\/"},"uagb_comment_info":1,"uagb_excerpt":"Estou animad\u00edssima, porque quero que meu 2020 tenha muitas mulheres inspiradoras!","acf":[],"_links":{"self":[{"href":"https:\/\/www.2beauty.com.br\/blog\/wp-json\/wp\/v2\/posts\/114439","targetHints":{"allow":["GET"]}}],"collection":[{"href":"https:\/\/www.2beauty.com.br\/blog\/wp-json\/wp\/v2\/posts"}],"about":[{"href":"https:\/\/www.2beauty.com.br\/blog\/wp-json\/wp\/v2\/types\/post"}],"author":[{"embeddable":true,"href":"https:\/\/www.2beauty.com.br\/blog\/wp-json\/wp\/v2\/users\/1"}],"replies":[{"embeddable":true,"href":"https:\/\/www.2beauty.com.br\/blog\/wp-json\/wp\/v2\/comments?post=114439"}],"version-history":[{"count":3,"href":"https:\/\/www.2beauty.com.br\/blog\/wp-json\/wp\/v2\/posts\/114439\/revisions"}],"predecessor-version":[{"id":114526,"href":"https:\/\/www.2beauty.com.br\/blog\/wp-json\/wp\/v2\/posts\/114439\/revisions\/114526"}],"wp:featuredmedia":[{"embeddable":true,"href":"https:\/\/www.2beauty.com.br\/blog\/wp-json\/wp\/v2\/media\/114440"}],"wp:attachment":[{"href":"https:\/\/www.2beauty.com.br\/blog\/wp-json\/wp\/v2\/media?parent=114439"}],"wp:term":[{"taxonomy":"category","embeddable":true,"href":"https:\/\/www.2beauty.com.br\/blog\/wp-json\/wp\/v2\/categories?post=114439"},{"taxonomy":"post_tag","embeddable":true,"href":"https:\/\/www.2beauty.com.br\/blog\/wp-json\/wp\/v2\/tags?post=114439"}],"curies":[{"name":"wp","href":"https:\/\/api.w.org\/{rel}","templated":true}]}}