{"id":113604,"date":"2019-10-16T19:28:45","date_gmt":"2019-10-16T21:28:45","guid":{"rendered":"https:\/\/www.2beauty.com.br\/blog\/?p=113604"},"modified":"2019-10-22T13:46:57","modified_gmt":"2019-10-22T15:46:57","slug":"nars-soft-matte-complete-concealer","status":"publish","type":"post","link":"https:\/\/www.2beauty.com.br\/blog\/2019\/10\/nars-soft-matte-complete-concealer\/","title":{"rendered":"NARS Soft Matte Complete Concealer"},"content":{"rendered":"\n<script async=\"\" src=\"\/\/pagead2.googlesyndication.com\/pagead\/js\/adsbygoogle.js\"><\/script>\n<!-- Responsivo www.2beauty.com.br -->\n<ins class=\"adsbygoogle\" style=\"display:block\" data-ad-client=\"ca-pub-5401592170963248\" data-ad-slot=\"6719035301\" data-ad-format=\"auto\" data-full-width-responsive=\"true\"><\/ins>\n<script>\n(adsbygoogle = window.adsbygoogle || []).push({});\n<\/script>\n\n\n\n<hr class=\"wp-block-separator\"\/>\n\n\n\n<figure class=\"wp-block-image\"><img fetchpriority=\"high\" decoding=\"async\" width=\"900\" height=\"600\" src=\"https:\/\/www.2beauty.com.br\/blog\/wp-content\/uploads\/2019\/09\/nars2.jpg\" alt=\"NARS Soft Matte Complete Concealer\" class=\"wp-image-113590\" srcset=\"https:\/\/www.2beauty.com.br\/blog\/wp-content\/uploads\/2019\/09\/nars2.jpg 900w, https:\/\/www.2beauty.com.br\/blog\/wp-content\/uploads\/2019\/09\/nars2-580x387.jpg 580w, https:\/\/www.2beauty.com.br\/blog\/wp-content\/uploads\/2019\/09\/nars2-768x512.jpg 768w, https:\/\/www.2beauty.com.br\/blog\/wp-content\/uploads\/2019\/09\/nars2-620x413.jpg 620w, https:\/\/www.2beauty.com.br\/blog\/wp-content\/uploads\/2019\/09\/nars2-860x573.jpg 860w\" sizes=\"(max-width: 900px) 100vw, 900px\" \/><\/figure>\n\n\n\n<h3 class=\"wp-block-heading\">Deu ruim :(<\/h3>\n\n\n\n<p>Conhe\u00e7o muita gente que ama e comprei, porque adorei o resultado quando a maquiadora da NARS aplicou em mim.<\/p>\n\n\n\n<p>S\u00f3 que desde que trouxe um potinho do <strong>Soft Matte Complete Concealer<\/strong> pra casa e tentei eu mesma me maquiar com ele, n\u00e3o tenho curtido tanto o efeito.<\/p>\n\n\n\n<p>O problema \u00e9 que o corretivo acumula nas linhas abaixo dos olhos e quando uso para cobrir a vermelhid\u00e3o nas laterais do nariz, ele fica marcado ao redor dos poros.<\/p>\n\n\n\n<p><strong>Acontece, n\u00e9? <\/strong><\/p>\n\n\n\n<p>Nem sempre aquele produto que todo mundo ama vai funcionar pra voc\u00ea&#8230;<\/p>\n\n\n\n<h3 class=\"wp-block-heading\">Quanto custa? Onde comprei?<\/h3>\n\n\n\n<p>Um potinho do Soft Matte . <\/p>\n\n\n\n<p>Comprei o meu numa loja da Sephora, mas ele tamb\u00e9m pode ser adquirido no site brasileiro da NARS.<\/p>\n\n\n\n<figure class=\"wp-block-image\"><img decoding=\"async\" width=\"900\" height=\"600\" src=\"https:\/\/www.2beauty.com.br\/blog\/wp-content\/uploads\/2019\/09\/nars1.jpg\" alt=\"NARS Soft Matte Complete Concealer\" class=\"wp-image-113589\" srcset=\"https:\/\/www.2beauty.com.br\/blog\/wp-content\/uploads\/2019\/09\/nars1.jpg 900w, https:\/\/www.2beauty.com.br\/blog\/wp-content\/uploads\/2019\/09\/nars1-580x387.jpg 580w, https:\/\/www.2beauty.com.br\/blog\/wp-content\/uploads\/2019\/09\/nars1-768x512.jpg 768w, https:\/\/www.2beauty.com.br\/blog\/wp-content\/uploads\/2019\/09\/nars1-620x413.jpg 620w, https:\/\/www.2beauty.com.br\/blog\/wp-content\/uploads\/2019\/09\/nars1-860x573.jpg 860w\" sizes=\"(max-width: 900px) 100vw, 900px\" \/><\/figure>\n\n\n\n<figure class=\"wp-block-image\"><img decoding=\"async\" width=\"900\" height=\"257\" src=\"https:\/\/www.2beauty.com.br\/blog\/wp-content\/uploads\/2019\/09\/nars3.jpg\" alt=\"NARS Soft Matte Complete Concealer\" class=\"wp-image-113591\" srcset=\"https:\/\/www.2beauty.com.br\/blog\/wp-content\/uploads\/2019\/09\/nars3.jpg 900w, https:\/\/www.2beauty.com.br\/blog\/wp-content\/uploads\/2019\/09\/nars3-580x166.jpg 580w, https:\/\/www.2beauty.com.br\/blog\/wp-content\/uploads\/2019\/09\/nars3-768x219.jpg 768w, https:\/\/www.2beauty.com.br\/blog\/wp-content\/uploads\/2019\/09\/nars3-620x177.jpg 620w, https:\/\/www.2beauty.com.br\/blog\/wp-content\/uploads\/2019\/09\/nars3-860x246.jpg 860w\" sizes=\"(max-width: 900px) 100vw, 900px\" \/><\/figure>\n\n\n\n<h3 class=\"wp-block-heading\">F\u00f3rmula<\/h3>\n\n\n\n<p>Soft Matte Complete Concealer \u00e9 o corretivo de <strong>cobertura mais alta da NARS. <\/strong><\/p>\n\n\n\n<p>Sua f\u00f3rmula tem efeito blurr, \u00e9 livre de \u00f3leos e enriquecida com vitamina A e C, \u00e1cido hialur\u00f4nico e pept\u00eddeos estimulantes de col\u00e1geno.<\/p>\n\n\n\n<h3 class=\"wp-block-heading\">Textura e cobertura<\/h3>\n\n\n\n<p>O corretivo \u00e9 cremoso, mas n\u00e3o \u00e9 melequento.<\/p>\n\n\n\n<p>Ao toque, lembra um mousse mais sequinho, sabe?<\/p>\n\n\n\n<p><strong>O acabamento \u00e9 matte natural<\/strong> e a cobertura realmente \u00e9 excelente.<\/p>\n\n\n\n<p>Um pouco de produto rende bastante!<\/p>\n\n\n\n<figure class=\"wp-block-image\"><img loading=\"lazy\" decoding=\"async\" width=\"900\" height=\"600\" src=\"https:\/\/www.2beauty.com.br\/blog\/wp-content\/uploads\/2019\/09\/nars4.jpg\" alt=\"NARS Soft Matte Complete Concealer\" class=\"wp-image-113592\" srcset=\"https:\/\/www.2beauty.com.br\/blog\/wp-content\/uploads\/2019\/09\/nars4.jpg 900w, https:\/\/www.2beauty.com.br\/blog\/wp-content\/uploads\/2019\/09\/nars4-580x387.jpg 580w, https:\/\/www.2beauty.com.br\/blog\/wp-content\/uploads\/2019\/09\/nars4-768x512.jpg 768w, https:\/\/www.2beauty.com.br\/blog\/wp-content\/uploads\/2019\/09\/nars4-620x413.jpg 620w, https:\/\/www.2beauty.com.br\/blog\/wp-content\/uploads\/2019\/09\/nars4-860x573.jpg 860w\" sizes=\"(max-width: 900px) 100vw, 900px\" \/><\/figure>\n\n\n\n<h3 class=\"wp-block-heading\">Tonalidade<\/h3>\n\n\n\n<p>A linha tem 16 tons.<\/p>\n\n\n\n<p>Adquiri a <strong>cor Medium 2 Ginger,<\/strong> que \u00e9 mais escura do que eu normalmente escolheria para usar nas olheiras, mas ela fica perfeita\/invis\u00edvel no resto do meu rosto.<\/p>\n\n\n\n<p>Pra voc\u00eas terem ideia, tamb\u00e9m da NARS, uso o Radiant Creamy Concealer no tom Medium 1 Custard e amo! <\/p>\n\n\n\n<p>Custard est\u00e1 dois tons abaixo de Ginger na tabelinha de cores da marca.<\/p>\n\n\n\n<script async=\"\" src=\"\/\/pagead2.googlesyndication.com\/pagead\/js\/adsbygoogle.js\"><\/script>\n<!-- Responsivo www.2beauty.com.br -->\n<ins class=\"adsbygoogle\" style=\"display:block\" data-ad-client=\"ca-pub-5401592170963248\" data-ad-slot=\"6719035301\" data-ad-format=\"auto\" data-full-width-responsive=\"true\"><\/ins>\n<script>\n(adsbygoogle = window.adsbygoogle || []).push({});\n<\/script>\n\n\n\n<hr class=\"wp-block-separator\"\/>\n\n\n\n<figure class=\"wp-block-image\"><img loading=\"lazy\" decoding=\"async\" width=\"900\" height=\"600\" src=\"https:\/\/www.2beauty.com.br\/blog\/wp-content\/uploads\/2019\/09\/nars5.jpg\" alt=\"NARS Soft Matte Complete Concealer\" class=\"wp-image-113593\" srcset=\"https:\/\/www.2beauty.com.br\/blog\/wp-content\/uploads\/2019\/09\/nars5.jpg 900w, https:\/\/www.2beauty.com.br\/blog\/wp-content\/uploads\/2019\/09\/nars5-580x387.jpg 580w, https:\/\/www.2beauty.com.br\/blog\/wp-content\/uploads\/2019\/09\/nars5-768x512.jpg 768w, https:\/\/www.2beauty.com.br\/blog\/wp-content\/uploads\/2019\/09\/nars5-620x413.jpg 620w, https:\/\/www.2beauty.com.br\/blog\/wp-content\/uploads\/2019\/09\/nars5-860x573.jpg 860w\" sizes=\"(max-width: 900px) 100vw, 900px\" \/><\/figure>\n\n\n\n<h3 class=\"wp-block-heading\">Minha experi\u00eancia<\/h3>\n\n\n\n<p>Como eu disse l\u00e1 no in\u00edcio do post, <strong>n\u00e3o rolou pra mim!<\/strong><\/p>\n\n\n\n<p>O corretivo acumula nas minhas linhas finas, o que d\u00e1 uma apar\u00eancia mais pesada \u00e0 \u00e1rea dos olhos.<\/p>\n\n\n\n<p>Ele tamb\u00e9m acentua a textura da pele se ela n\u00e3o estiver bem lisinha e pega nos poros do meu nariz.<\/p>\n\n\n\n<p>\u00c9 uma pena, porque o corretivo realmente \u00e9 excelente no quesito cobertura e porque paguei caro e agora n\u00e3o sei o que fazer com ele &#8211; hehehe!<\/p>\n\n\n\n<p>O que posso dizer \u00e9 o seguinte: dos corretivos da NARS, o <strong>Randiant Creamy Concealer<\/strong> continua sendo meu preferido :)<\/p>\n\n\n\n<div class=\"shopthepost-widget\" data-widget-id=\"3763580\">\r\n                <script type=\"text\/javascript\" language=\"javascript\">\r\n                    !function(d,s,id){\r\n                        var e, p = \/^http:\/.test(d.location) ? 'http' : 'https';\r\n                        if(!d.getElementById(id)) {\r\n                            e     = d.createElement(s);\r\n                            e.id  = id;\r\n                            e.src = p + ':\/\/widgets.rewardstyle.com\/js\/shopthepost.js';\r\n                            d.body.appendChild(e);\r\n                        }\r\n                        if(typeof window.__stp === 'object') if(d.readyState === 'complete') {\r\n                            window.__stp.init();\r\n                        }\r\n                    }(document, 'script', 'shopthepost-script');\r\n                <\/script>\r\n                <div class=\"rs-adblock\">\r\n                    <img decoding=\"async\" src=\"\/\/assets.rewardstyle.com\/images\/search\/350.gif\" style=\"width:15px;height:15px;\" onerror=\"this.parentNode.innerHTML='Turn off your ad blocker to view content'\" \/>\r\n                    <noscript>Turn on your JavaScript to view content<\/noscript>\r\n                <\/div>\r\n            <\/div>\n","protected":false},"excerpt":{"rendered":"<p>Esse \u00e9 o corretivo de mais alta cobertura da NARS e eu queria amar, mas n\u00e3o rolou :(<\/p>\n","protected":false},"author":1,"featured_media":113589,"comment_status":"open","ping_status":"closed","sticky":false,"template":"","format":"standard","meta":{"_uag_custom_page_level_css":"","footnotes":""},"categories":[84],"tags":[4118,4088,303],"class_list":["post-113604","post","type-post","status-publish","format-standard","has-post-thumbnail","hentry","category-maquiagem","tag-corretivo","tag-maquiagem","tag-nars"],"uagb_featured_image_src":{"full":["https:\/\/www.2beauty.com.br\/blog\/wp-content\/uploads\/2019\/09\/nars1.jpg",900,600,false],"thumbnail":["https:\/\/www.2beauty.com.br\/blog\/wp-content\/uploads\/2019\/09\/nars1-300x250.jpg",300,250,true],"medium":["https:\/\/www.2beauty.com.br\/blog\/wp-content\/uploads\/2019\/09\/nars1-580x387.jpg",580,387,true],"medium_large":["https:\/\/www.2beauty.com.br\/blog\/wp-content\/uploads\/2019\/09\/nars1-768x512.jpg",768,512,true],"large":["https:\/\/www.2beauty.com.br\/blog\/wp-content\/uploads\/2019\/09\/nars1-620x413.jpg",620,413,true],"1536x1536":["https:\/\/www.2beauty.com.br\/blog\/wp-content\/uploads\/2019\/09\/nars1.jpg",900,600,false],"2048x2048":["https:\/\/www.2beauty.com.br\/blog\/wp-content\/uploads\/2019\/09\/nars1.jpg",900,600,false],"ashe-slider-grid-thumbnail":["https:\/\/www.2beauty.com.br\/blog\/wp-content\/uploads\/2019\/09\/nars1.jpg",810,540,false],"ashe-full-thumbnail":["https:\/\/www.2beauty.com.br\/blog\/wp-content\/uploads\/2019\/09\/nars1.jpg",900,600,false],"ashe-grid-thumbnail":["https:\/\/www.2beauty.com.br\/blog\/wp-content\/uploads\/2019\/09\/nars1.jpg",495,330,false],"ashe-list-thumbnail":["https:\/\/www.2beauty.com.br\/blog\/wp-content\/uploads\/2019\/09\/nars1.jpg",300,200,false],"ashe-single-navigation":["https:\/\/www.2beauty.com.br\/blog\/wp-content\/uploads\/2019\/09\/nars1.jpg",75,50,false]},"uagb_author_info":{"display_name":"Marina Smith","author_link":"https:\/\/www.2beauty.com.br\/blog\/author\/marinasmith\/"},"uagb_comment_info":1,"uagb_excerpt":"Esse \u00e9 o corretivo de mais alta cobertura da NARS e eu queria amar, mas n\u00e3o rolou :(","acf":[],"_links":{"self":[{"href":"https:\/\/www.2beauty.com.br\/blog\/wp-json\/wp\/v2\/posts\/113604","targetHints":{"allow":["GET"]}}],"collection":[{"href":"https:\/\/www.2beauty.com.br\/blog\/wp-json\/wp\/v2\/posts"}],"about":[{"href":"https:\/\/www.2beauty.com.br\/blog\/wp-json\/wp\/v2\/types\/post"}],"author":[{"embeddable":true,"href":"https:\/\/www.2beauty.com.br\/blog\/wp-json\/wp\/v2\/users\/1"}],"replies":[{"embeddable":true,"href":"https:\/\/www.2beauty.com.br\/blog\/wp-json\/wp\/v2\/comments?post=113604"}],"version-history":[{"count":3,"href":"https:\/\/www.2beauty.com.br\/blog\/wp-json\/wp\/v2\/posts\/113604\/revisions"}],"predecessor-version":[{"id":113984,"href":"https:\/\/www.2beauty.com.br\/blog\/wp-json\/wp\/v2\/posts\/113604\/revisions\/113984"}],"wp:featuredmedia":[{"embeddable":true,"href":"https:\/\/www.2beauty.com.br\/blog\/wp-json\/wp\/v2\/media\/113589"}],"wp:attachment":[{"href":"https:\/\/www.2beauty.com.br\/blog\/wp-json\/wp\/v2\/media?parent=113604"}],"wp:term":[{"taxonomy":"category","embeddable":true,"href":"https:\/\/www.2beauty.com.br\/blog\/wp-json\/wp\/v2\/categories?post=113604"},{"taxonomy":"post_tag","embeddable":true,"href":"https:\/\/www.2beauty.com.br\/blog\/wp-json\/wp\/v2\/tags?post=113604"}],"curies":[{"name":"wp","href":"https:\/\/api.w.org\/{rel}","templated":true}]}}