{"id":113588,"date":"2019-10-03T16:54:19","date_gmt":"2019-10-03T18:54:19","guid":{"rendered":"https:\/\/www.2beauty.com.br\/blog\/?p=113588"},"modified":"2019-10-16T18:35:00","modified_gmt":"2019-10-16T20:35:00","slug":"favoritos-de-skin-care-dos-ultimos-tempos","status":"publish","type":"post","link":"https:\/\/www.2beauty.com.br\/blog\/2019\/10\/favoritos-de-skin-care-dos-ultimos-tempos\/","title":{"rendered":"Favoritos de skin care dos \u00faltimos tempos *"},"content":{"rendered":"\n<script async=\"\" src=\"\/\/pagead2.googlesyndication.com\/pagead\/js\/adsbygoogle.js\"><\/script>\n<!-- Responsivo www.2beauty.com.br -->\n<ins class=\"adsbygoogle\" style=\"display:block\" data-ad-client=\"ca-pub-5401592170963248\" data-ad-slot=\"6719035301\" data-ad-format=\"auto\" data-full-width-responsive=\"true\"><\/ins>\n<script>\n(adsbygoogle = window.adsbygoogle || []).push({});\n<\/script>\n\n\n\n<hr class=\"wp-block-separator\"\/>\n\n\n\n<p>Minha rotina de pele consiste em lavar bem o rosto, hidratar bastante a pele, fazer m\u00e1scara de vez em quando e usar filtro solar quando saio de casa.<\/p>\n\n\n\n<p>Experimento muita coisa por causa do blog, mas aqui est\u00e3o alguns <strong>itens que cativaram meu cora\u00e7\u00e3ozinho e minha pele<\/strong> nos \u00faltimos tempos :)<\/p>\n\n\n\n<figure class=\"wp-block-image\"><img fetchpriority=\"high\" decoding=\"async\" width=\"900\" height=\"600\" src=\"https:\/\/www.2beauty.com.br\/blog\/wp-content\/uploads\/2019\/09\/skincare6.jpg\" alt=\"Favoritos de skin care dos \u00faltimos tempos\" class=\"wp-image-113599\" srcset=\"https:\/\/www.2beauty.com.br\/blog\/wp-content\/uploads\/2019\/09\/skincare6.jpg 900w, https:\/\/www.2beauty.com.br\/blog\/wp-content\/uploads\/2019\/09\/skincare6-580x387.jpg 580w, https:\/\/www.2beauty.com.br\/blog\/wp-content\/uploads\/2019\/09\/skincare6-768x512.jpg 768w, https:\/\/www.2beauty.com.br\/blog\/wp-content\/uploads\/2019\/09\/skincare6-620x413.jpg 620w, https:\/\/www.2beauty.com.br\/blog\/wp-content\/uploads\/2019\/09\/skincare6-860x573.jpg 860w\" sizes=\"(max-width: 900px) 100vw, 900px\" \/><\/figure>\n\n\n\n<h3 class=\"wp-block-heading\">Gel de Limpeza Facial Aqua R\u00e9otier L&#8217;Occitane en Provence<\/h3>\n\n\n\n<p>Comecei a usar esse gel de limpeza h\u00e1 um bom tempo, mas ainda tenho um pouco dele, porque economizo e porque nem sempre uso o mesmo produto todos os dias.<\/p>\n\n\n\n<p>No momento, ele est\u00e1 na minha pia e \u00e9 o gel de limpeza que uso para lavar o rosto pela manh\u00e3.<\/p>\n\n\n\n<p>Acho ele muito delicado, o que \u00e9 \u00f3timo pra quando acordo, porque minha pele pode estar oleosa, mas n\u00e3o est\u00e1 *suja*, j\u00e1 que lavo o rosto \u00e0 noite e n\u00e3o corro uma maratona durante o sono, n\u00e9? Hehehe!<\/p>\n\n\n\n<p>O Gel de Limpeza Facial Aqua R\u00e9otier limpa sem ressecar e eu tomo o cuidado de economizar, porque (infelizmente!)  <\/p>\n\n\n\n<figure class=\"wp-block-image\"><img decoding=\"async\" width=\"900\" height=\"600\" src=\"https:\/\/www.2beauty.com.br\/blog\/wp-content\/uploads\/2019\/09\/skincare7.jpg\" alt=\"Favoritos de skin care dos \u00faltimos tempos\" class=\"wp-image-113600\" srcset=\"https:\/\/www.2beauty.com.br\/blog\/wp-content\/uploads\/2019\/09\/skincare7.jpg 900w, https:\/\/www.2beauty.com.br\/blog\/wp-content\/uploads\/2019\/09\/skincare7-580x387.jpg 580w, https:\/\/www.2beauty.com.br\/blog\/wp-content\/uploads\/2019\/09\/skincare7-768x512.jpg 768w, https:\/\/www.2beauty.com.br\/blog\/wp-content\/uploads\/2019\/09\/skincare7-620x413.jpg 620w, https:\/\/www.2beauty.com.br\/blog\/wp-content\/uploads\/2019\/09\/skincare7-860x573.jpg 860w\" sizes=\"(max-width: 900px) 100vw, 900px\" \/><\/figure>\n\n\n\n<h3 class=\"wp-block-heading\">Profuse Puriance Sabonete L\u00edquido<\/h3>\n\n\n\n<p>Esse sabonete da Profuse foi desenvolvido para a limpeza de peles mistas e oleosas (a minha \u00e9 mista), removendo a oleosidade e o brilho sem causar irrita\u00e7\u00e3o. <\/p>\n\n\n\n<p>A f\u00f3rmula conta com \u00c1cido Salic\u00edlico e tecnologia inovadora que desobstrui os poros sem irritar a pele, al\u00e9m de ter a\u00e7\u00e3o calmante. <\/p>\n\n\n\n<p>\u00c9 o sabonete facial que fica no box do chuveiro e al\u00e9m de ser muito eficiente, n\u00e3o custa caro. <\/p>\n\n\n\n<p>Uma bisnaga pequena, igual a minha, <\/p>\n\n\n\n<p>PS: Tamb\u00e9m tem vers\u00e3o grande (300ml).<\/p>\n\n\n\n<figure class=\"wp-block-image\"><img decoding=\"async\" width=\"900\" height=\"600\" src=\"https:\/\/www.2beauty.com.br\/blog\/wp-content\/uploads\/2019\/09\/skincare8.jpg\" alt=\"Favoritos de skin care dos \u00faltimos tempos\" class=\"wp-image-113601\" srcset=\"https:\/\/www.2beauty.com.br\/blog\/wp-content\/uploads\/2019\/09\/skincare8.jpg 900w, https:\/\/www.2beauty.com.br\/blog\/wp-content\/uploads\/2019\/09\/skincare8-580x387.jpg 580w, https:\/\/www.2beauty.com.br\/blog\/wp-content\/uploads\/2019\/09\/skincare8-768x512.jpg 768w, https:\/\/www.2beauty.com.br\/blog\/wp-content\/uploads\/2019\/09\/skincare8-620x413.jpg 620w, https:\/\/www.2beauty.com.br\/blog\/wp-content\/uploads\/2019\/09\/skincare8-860x573.jpg 860w\" sizes=\"(max-width: 900px) 100vw, 900px\" \/><\/figure>\n\n\n\n<p>* Cont\u00e9m conte\u00fado patrocinado.<\/p>\n\n\n\n<h3 class=\"wp-block-heading\">Foreo Luna 3<\/h3>\n\n\n\n<p>Adoro essa escova de limpeza facial el\u00e9trica!&nbsp;<\/p>\n\n\n\n<p>Usei a LUNA 2 por um bom tempo e agora estou usando <a href=\"https:\/\/foreo.se\/h1sr\" target=\"_blank\" rel=\"noreferrer noopener\" aria-label=\" (abre numa nova aba)\">LUNA 3<\/a>, que \u00e9 a vers\u00e3o mais nova, com filamentos ainda mais macios e uma bateria ainda mais potente.<\/p>\n\n\n\n<p>Fa\u00e7o uma limpeza de pele profunda e tamb\u00e9m tenho meu momento skincare com ela.<\/p>\n\n\n\n<p>E esse modelo \u00e9 2 em 1, ent\u00e3o tem tamb\u00e9m uma fun\u00e7\u00e3o muito \u00fatil de massagem facial no verso da escova! <\/p>\n\n\n\n<p>Espalho um pouco de \u00f3leo facial sobre o rosto e massageio com <a href=\"https:\/\/foreo.se\/h1sr\" target=\"_blank\" rel=\"noreferrer noopener\" aria-label=\"LUNA 3 (abre numa nova aba)\">LUNA 3<\/a> por alguns minutos.<\/p>\n\n\n\n<p>O app da FOREO oferece programas exclusivos de massagem espec\u00edficos para olhos, contornos, pesco\u00e7o e l\u00e1bios, e sempre que posso, fa\u00e7o algum deles antes de dormir.<\/p>\n\n\n\n<figure class=\"wp-block-image\"><img loading=\"lazy\" decoding=\"async\" width=\"900\" height=\"600\" src=\"https:\/\/www.2beauty.com.br\/blog\/wp-content\/uploads\/2019\/09\/skincare3.jpg\" alt=\"Favoritos de skin care dos \u00faltimos tempos\" class=\"wp-image-113596\" srcset=\"https:\/\/www.2beauty.com.br\/blog\/wp-content\/uploads\/2019\/09\/skincare3.jpg 900w, https:\/\/www.2beauty.com.br\/blog\/wp-content\/uploads\/2019\/09\/skincare3-580x387.jpg 580w, https:\/\/www.2beauty.com.br\/blog\/wp-content\/uploads\/2019\/09\/skincare3-768x512.jpg 768w, https:\/\/www.2beauty.com.br\/blog\/wp-content\/uploads\/2019\/09\/skincare3-620x413.jpg 620w, https:\/\/www.2beauty.com.br\/blog\/wp-content\/uploads\/2019\/09\/skincare3-860x573.jpg 860w\" sizes=\"(max-width: 900px) 100vw, 900px\" \/><\/figure>\n\n\n\n<h3 class=\"wp-block-heading\">Dermage M\u00e1scara Revitalizante Delifresh Organics Lichia &amp; Linha\u00e7a<\/h3>\n\n\n\n<p>Essa m\u00e1scara \u00e9 muito boa pra dar uma bela hidratada na pele.<\/p>\n\n\n\n<p>Gosto muito de usar aos finais de semana ou quando t\u00f4 de ressaca, hahaha! <\/p>\n\n\n\n<p>A Delifresh Organics \u00e9 uma linha da Dermage criada com ativos org\u00e2nicos certificados.<\/p>\n\n\n\n<p>A <a rel=\"noreferrer noopener\" aria-label=\"M\u00e1scara Revitalizante (abre numa nova aba)\" href=\"https:\/\/www.dermage.com.br\/p14314\/p\" target=\"_blank\">M\u00e1scara Revitalizante<\/a> \u00e9 formulada com extratos de lichia e linha\u00e7a e ap\u00f3s sua remo\u00e7\u00e3o, a sensa\u00e7\u00e3o \u00e9 que fica uma pel\u00edcula fina sobre o rosto.<\/p>\n\n\n\n<p>Essa pel\u00edcula n\u00e3o \u00e9 gordurosa, deixa a textura da pele suave ao toque e d\u00e1 um ar mais hidratado e saud\u00e1vel. <\/p>\n\n\n\n<p>AMO!<\/p>\n\n\n\n<script async=\"\" src=\"\/\/pagead2.googlesyndication.com\/pagead\/js\/adsbygoogle.js\"><\/script>\n<!-- Responsivo www.2beauty.com.br -->\n<ins class=\"adsbygoogle\" style=\"display:block\" data-ad-client=\"ca-pub-5401592170963248\" data-ad-slot=\"6719035301\" data-ad-format=\"auto\" data-full-width-responsive=\"true\"><\/ins>\n<script>\n(adsbygoogle = window.adsbygoogle || []).push({});\n<\/script>\n\n\n\n<hr class=\"wp-block-separator\"\/>\n\n\n\n<figure class=\"wp-block-image\"><img loading=\"lazy\" decoding=\"async\" width=\"900\" height=\"600\" src=\"https:\/\/www.2beauty.com.br\/blog\/wp-content\/uploads\/2019\/09\/skincare5.jpg\" alt=\"Favoritos de skin care dos \u00faltimos tempos\" class=\"wp-image-113598\" srcset=\"https:\/\/www.2beauty.com.br\/blog\/wp-content\/uploads\/2019\/09\/skincare5.jpg 900w, https:\/\/www.2beauty.com.br\/blog\/wp-content\/uploads\/2019\/09\/skincare5-580x387.jpg 580w, https:\/\/www.2beauty.com.br\/blog\/wp-content\/uploads\/2019\/09\/skincare5-768x512.jpg 768w, https:\/\/www.2beauty.com.br\/blog\/wp-content\/uploads\/2019\/09\/skincare5-620x413.jpg 620w, https:\/\/www.2beauty.com.br\/blog\/wp-content\/uploads\/2019\/09\/skincare5-860x573.jpg 860w\" sizes=\"(max-width: 900px) 100vw, 900px\" \/><\/figure>\n\n\n\n<h3 class=\"wp-block-heading\">Gel Facial Hidratante Aqua R\u00e9otier L\u2019Occitane en Provence<\/h3>\n\n\n\n<p>Esse hidratante em gel \u00e9 \u00f3timo pra pele mista ou oleosa, porque \u00e9 leve, muito refrescante e de r\u00e1pida absor\u00e7\u00e3o.<\/p>\n\n\n\n<p>Ele formulado com uma \u00e1gua termal especial que \u00e9 cheia de c\u00e1lcio + derivado de \u00e1cido hialur\u00f4nico e glicerina.<\/p>\n\n\n\n<p>Tamb\u00e9m tem bolhas que liberam frescor e um perfume delicado que curto super.<\/p>\n\n\n\n<p>O sensorial dele \u00e9 uma del\u00edcia!<\/p>\n\n\n\n<p>Pena que esse \u00e9 mais um produto que vai me fazer sofrer quando acabar, porque \u00e9 muito caro <\/p>\n\n\n\n<figure class=\"wp-block-image\"><img loading=\"lazy\" decoding=\"async\" width=\"900\" height=\"600\" src=\"https:\/\/www.2beauty.com.br\/blog\/wp-content\/uploads\/2019\/09\/skincare2.jpg\" alt=\"Favoritos de skin care dos \u00faltimos tempos\" class=\"wp-image-113595\" srcset=\"https:\/\/www.2beauty.com.br\/blog\/wp-content\/uploads\/2019\/09\/skincare2.jpg 900w, https:\/\/www.2beauty.com.br\/blog\/wp-content\/uploads\/2019\/09\/skincare2-580x387.jpg 580w, https:\/\/www.2beauty.com.br\/blog\/wp-content\/uploads\/2019\/09\/skincare2-768x512.jpg 768w, https:\/\/www.2beauty.com.br\/blog\/wp-content\/uploads\/2019\/09\/skincare2-620x413.jpg 620w, https:\/\/www.2beauty.com.br\/blog\/wp-content\/uploads\/2019\/09\/skincare2-860x573.jpg 860w\" sizes=\"(max-width: 900px) 100vw, 900px\" \/><\/figure>\n\n\n\n<h3 class=\"wp-block-heading\">\u00d3leo Reparador Noturno Boa Noite Marina Smith<\/h3>\n\n\n\n<p>Amo dar um up na hidrata\u00e7\u00e3o durante a noite e sempre finalizo o dia com o Boa Noite, um mix de quatro tipos de \u00f3leos vegetais puros e naturais e seis tipos de \u00f3leos essenciais.<\/p>\n\n\n\n<p>\u00c0s vezes aplico com os dedos e \u00e0s vezes fa\u00e7o massagem com ele + FOREO LUNA 3.<\/p>\n\n\n\n<p>A pele fica super hidratada e acorda muito macia no dia seguinte :)<\/p>\n\n\n\n<p>Sempre fui f\u00e3 do Midnight Recovery Concentrate da Kiehl\u2019s  e queria muito que a minha linha contasse com algo parecido, s\u00f3 que com um pre\u00e7o mais em conta.<\/p>\n\n\n\n<p>Consegui!<\/p>\n\n\n\n<p>O pre\u00e7o normal dele \u00e9 R$99, s\u00f3 que vira e mexe tem promo\u00e7\u00e3o.<\/p>\n\n\n\n<p><\/p>\n","protected":false},"excerpt":{"rendered":"<p>Experimento muita coisa por causa do blog, mas aqui est\u00e3o alguns itens que cativaram minha pele nos \u00faltimos tempos :)<\/p>\n","protected":false},"author":1,"featured_media":113600,"comment_status":"open","ping_status":"closed","sticky":false,"template":"","format":"standard","meta":{"_uag_custom_page_level_css":"","footnotes":""},"categories":[132],"tags":[4449,4450,3920,4447,3912,4023,2143,4315],"class_list":["post-113588","post","type-post","status-publish","format-standard","has-post-thumbnail","hentry","category-produtos-e-cuidados-com-a-pele","tag-foreo","tag-foreo-luna-3","tag-hidratantes","tag-luna-3","tag-mascaras-2","tag-oleos-2","tag-publi","tag-skin-care"],"uagb_featured_image_src":{"full":["https:\/\/www.2beauty.com.br\/blog\/wp-content\/uploads\/2019\/09\/skincare7.jpg",900,600,false],"thumbnail":["https:\/\/www.2beauty.com.br\/blog\/wp-content\/uploads\/2019\/09\/skincare7-300x250.jpg",300,250,true],"medium":["https:\/\/www.2beauty.com.br\/blog\/wp-content\/uploads\/2019\/09\/skincare7-580x387.jpg",580,387,true],"medium_large":["https:\/\/www.2beauty.com.br\/blog\/wp-content\/uploads\/2019\/09\/skincare7-768x512.jpg",768,512,true],"large":["https:\/\/www.2beauty.com.br\/blog\/wp-content\/uploads\/2019\/09\/skincare7-620x413.jpg",620,413,true],"1536x1536":["https:\/\/www.2beauty.com.br\/blog\/wp-content\/uploads\/2019\/09\/skincare7.jpg",900,600,false],"2048x2048":["https:\/\/www.2beauty.com.br\/blog\/wp-content\/uploads\/2019\/09\/skincare7.jpg",900,600,false],"ashe-slider-grid-thumbnail":["https:\/\/www.2beauty.com.br\/blog\/wp-content\/uploads\/2019\/09\/skincare7.jpg",810,540,false],"ashe-full-thumbnail":["https:\/\/www.2beauty.com.br\/blog\/wp-content\/uploads\/2019\/09\/skincare7.jpg",900,600,false],"ashe-grid-thumbnail":["https:\/\/www.2beauty.com.br\/blog\/wp-content\/uploads\/2019\/09\/skincare7.jpg",495,330,false],"ashe-list-thumbnail":["https:\/\/www.2beauty.com.br\/blog\/wp-content\/uploads\/2019\/09\/skincare7.jpg",300,200,false],"ashe-single-navigation":["https:\/\/www.2beauty.com.br\/blog\/wp-content\/uploads\/2019\/09\/skincare7.jpg",75,50,false]},"uagb_author_info":{"display_name":"Marina Smith","author_link":"https:\/\/www.2beauty.com.br\/blog\/author\/marinasmith\/"},"uagb_comment_info":0,"uagb_excerpt":"Experimento muita coisa por causa do blog, mas aqui est\u00e3o alguns itens que cativaram minha pele nos \u00faltimos tempos :)","acf":[],"_links":{"self":[{"href":"https:\/\/www.2beauty.com.br\/blog\/wp-json\/wp\/v2\/posts\/113588","targetHints":{"allow":["GET"]}}],"collection":[{"href":"https:\/\/www.2beauty.com.br\/blog\/wp-json\/wp\/v2\/posts"}],"about":[{"href":"https:\/\/www.2beauty.com.br\/blog\/wp-json\/wp\/v2\/types\/post"}],"author":[{"embeddable":true,"href":"https:\/\/www.2beauty.com.br\/blog\/wp-json\/wp\/v2\/users\/1"}],"replies":[{"embeddable":true,"href":"https:\/\/www.2beauty.com.br\/blog\/wp-json\/wp\/v2\/comments?post=113588"}],"version-history":[{"count":2,"href":"https:\/\/www.2beauty.com.br\/blog\/wp-json\/wp\/v2\/posts\/113588\/revisions"}],"predecessor-version":[{"id":113804,"href":"https:\/\/www.2beauty.com.br\/blog\/wp-json\/wp\/v2\/posts\/113588\/revisions\/113804"}],"wp:featuredmedia":[{"embeddable":true,"href":"https:\/\/www.2beauty.com.br\/blog\/wp-json\/wp\/v2\/media\/113600"}],"wp:attachment":[{"href":"https:\/\/www.2beauty.com.br\/blog\/wp-json\/wp\/v2\/media?parent=113588"}],"wp:term":[{"taxonomy":"category","embeddable":true,"href":"https:\/\/www.2beauty.com.br\/blog\/wp-json\/wp\/v2\/categories?post=113588"},{"taxonomy":"post_tag","embeddable":true,"href":"https:\/\/www.2beauty.com.br\/blog\/wp-json\/wp\/v2\/tags?post=113588"}],"curies":[{"name":"wp","href":"https:\/\/api.w.org\/{rel}","templated":true}]}}