{"id":113447,"date":"2019-09-17T04:05:25","date_gmt":"2019-09-17T06:05:25","guid":{"rendered":"https:\/\/www.2beauty.com.br\/blog\/?p=113447"},"modified":"2019-10-18T18:16:03","modified_gmt":"2019-10-18T20:16:03","slug":"clube-do-livro-do-marinao-decima-segunda-edicao","status":"publish","type":"post","link":"https:\/\/www.2beauty.com.br\/blog\/2019\/09\/clube-do-livro-do-marinao-decima-segunda-edicao\/","title":{"rendered":"Clube do Livro do Marin\u00e3o \u2013 D\u00e9cima Segunda Edi\u00e7\u00e3o"},"content":{"rendered":"\n<script async=\"\" src=\"\/\/pagead2.googlesyndication.com\/pagead\/js\/adsbygoogle.js\"><\/script>\n<!-- Responsivo www.2beauty.com.br -->\n<ins class=\"adsbygoogle\" style=\"display:block\" data-ad-client=\"ca-pub-5401592170963248\" data-ad-slot=\"6719035301\" data-ad-format=\"auto\" data-full-width-responsive=\"true\"><\/ins>\n<script>\n(adsbygoogle = window.adsbygoogle || []).push({});\n<\/script>\n\n\n\n<hr class=\"wp-block-separator\"\/>\n\n\n\n<figure class=\"wp-block-image\"><img fetchpriority=\"high\" decoding=\"async\" width=\"900\" height=\"600\" src=\"https:\/\/www.2beauty.com.br\/blog\/wp-content\/uploads\/2019\/09\/cb1.jpg\" alt=\"\" class=\"wp-image-113448\" srcset=\"https:\/\/www.2beauty.com.br\/blog\/wp-content\/uploads\/2019\/09\/cb1.jpg 900w, https:\/\/www.2beauty.com.br\/blog\/wp-content\/uploads\/2019\/09\/cb1-580x387.jpg 580w, https:\/\/www.2beauty.com.br\/blog\/wp-content\/uploads\/2019\/09\/cb1-768x512.jpg 768w, https:\/\/www.2beauty.com.br\/blog\/wp-content\/uploads\/2019\/09\/cb1-620x413.jpg 620w, https:\/\/www.2beauty.com.br\/blog\/wp-content\/uploads\/2019\/09\/cb1-860x573.jpg 860w\" sizes=\"(max-width: 900px) 100vw, 900px\" \/><\/figure>\n\n\n\n<h3 class=\"wp-block-heading\">Pra quem est\u00e1 chegando agora e n\u00e3o conhece o Clube<\/h3>\n\n\n\n<p>Mensalmente um t\u00edtulo \u00e9 escolhido e anunciado aqui no blog e l\u00e1 no meu Instagram (<a href=\"https:\/\/www.instagram.com\/marina2beauty\/\" target=\"_blank\" rel=\"noreferrer noopener\">@marina2beauty<\/a>).<\/p>\n\n\n\n<p>Um m\u00eas depois, acontece uma live pra gente conversar sobre ele.<\/p>\n\n\n\n<p><strong>Voc\u00eas acreditam que j\u00e1 lemos mais de dez livros juntos? <\/strong>Acho isso muito incr\u00edvel!<\/p>\n\n\n\n<h3 class=\"wp-block-heading\">Detalhes da d\u00e9cima segunda edi\u00e7\u00e3o<\/h3>\n\n\n\n<p>O t\u00edtulo escolhido para outubro \u00e9 <strong>\u201cA Menina da Montanha\u201d<\/strong>, de Tara Westover.<\/p>\n\n\n\n<p>Ele foi eleito o livro de 2018 pela Amazon, figurou na lista dos mais vendidos do New York Times e foi indicado por pessoas como Bill Gates e Barack Obama.<\/p>\n\n\n\n<p>Comprei o e-book h\u00e1 mais de m\u00eas, porque estava louca pra ler e porque tinha desconto <\/p>\n\n\n\n<p>Logo ap\u00f3s a live sobre A Verdade Sobre o Caso Harry Quebert, iniciei a leitura e em apenas uma noite, li 30% de A Menina da Montanha.<\/p>\n\n\n\n<p>Estou super impressionada com a hist\u00f3ria e mal posso esperar pra chegar ao final do livro e dar um Google em tudo, j\u00e1 que se trata de uma hist\u00f3ria real.<\/p>\n\n\n\n<figure class=\"wp-block-image\"><img decoding=\"async\" width=\"900\" height=\"600\" src=\"https:\/\/www.2beauty.com.br\/blog\/wp-content\/uploads\/2019\/09\/cb2.jpg\" alt=\"\" class=\"wp-image-113449\" srcset=\"https:\/\/www.2beauty.com.br\/blog\/wp-content\/uploads\/2019\/09\/cb2.jpg 900w, https:\/\/www.2beauty.com.br\/blog\/wp-content\/uploads\/2019\/09\/cb2-580x387.jpg 580w, https:\/\/www.2beauty.com.br\/blog\/wp-content\/uploads\/2019\/09\/cb2-768x512.jpg 768w, https:\/\/www.2beauty.com.br\/blog\/wp-content\/uploads\/2019\/09\/cb2-620x413.jpg 620w, https:\/\/www.2beauty.com.br\/blog\/wp-content\/uploads\/2019\/09\/cb2-860x573.jpg 860w\" sizes=\"(max-width: 900px) 100vw, 900px\" \/><\/figure>\n\n\n\n<h3 class=\"wp-block-heading\">Sinopse<\/h3>\n\n\n\n<p>Tara Westover tinha 17 anos quando pisou pela primeira vez em uma \nsala de aula. Nascida nas montanhas de Idaho, Estados Unidos, era a \nca\u00e7ula de sete irm\u00e3os. Guiados pelo fanatismo do pai, todos estavam \nsempre se preparando para o fim do mundo, estocando conservas e dormindo\n com uma mala pronta para o caso de fuga. No ver\u00e3o, ajudava a m\u00e3e, \nparteira e curandeira, a fazer rem\u00e9dios medicinais. No inverno, coletava\n sucata com o pai.<\/p>\n\n\n\n<p>Al\u00e9m do sistema de ensino, seu pai tamb\u00e9m \ndesconfiava dos hospitais, por isso Tara jamais viu um m\u00e9dico durante a \ninf\u00e2ncia. Cortes, machucados e at\u00e9 mesmo graves queimaduras eram todos \ntratados em casa. A fam\u00edlia estava t\u00e3o isolada da sociedade que n\u00e3o \nhavia ningu\u00e9m para garantir que as crian\u00e7as recebessem educa\u00e7\u00e3o, nem \npara intervir nos casos de viol\u00eancia.<\/p>\n\n\n\n<p>No entanto, quando um de \nseus irm\u00e3os conseguiu entrar para a faculdade e retornou com not\u00edcias do\n mundo al\u00e9m da montanha, Tara resolveu tentar um novo tipo de vida. \nAprendeu matem\u00e1tica, gram\u00e1tica e ci\u00eancias para prestar o vestibular, e \nfoi admitida na Universidade Brigham Young. Sua busca pelo conhecimento a\n transformou, fazendo-a atravessar oceanos e continentes, at\u00e9 chegar \u00e0s \nuniversidades de Harvard e Cambridge, na Inglaterra. Foi quando se deu \nconta de qu\u00e3o longe tinha viajado, e se perguntou se ainda existiria um \ncaminho de volta para casa.<\/p>\n\n\n\n<p>A Menina da Montanha \u00e9 um  relato autobiogr\u00e1fico sobre a busca de uma nova identidade. \u00c9 um conto  sobre lealdade familiar e sobre o luto de romper estes la\u00e7os. Com a  intensa sensibilidade que distingue os grandes escritores, Tara Westover  nos oferece uma hist\u00f3ria universal que resume o sentido da palavra  educa\u00e7\u00e3o: a perspectiva de ver a vida com novos olhos, e a vontade de  mudar.<\/p>\n\n\n\n<h3 class=\"wp-block-heading\">Data da live<\/h3>\n\n\n\n<p>A live no Instagram est\u00e1 marcada para o dia <strong>20 de outubro, domingo, \u00e0s 19h.<\/strong><\/p>\n\n\n\n<p>At\u00e9 logo e boa leitura!<\/p>\n\n\n\n<div class=\"shopthepost-widget\" data-widget-id=\"3728047\">\r\n                <script type=\"text\/javascript\" language=\"javascript\">\r\n                    !function(d,s,id){\r\n                        var e, p = \/^http:\/.test(d.location) ? 'http' : 'https';\r\n                        if(!d.getElementById(id)) {\r\n                            e     = d.createElement(s);\r\n                            e.id  = id;\r\n                            e.src = p + ':\/\/widgets.rewardstyle.com\/js\/shopthepost.js';\r\n                            d.body.appendChild(e);\r\n                        }\r\n                        if(typeof window.__stp === 'object') if(d.readyState === 'complete') {\r\n                            window.__stp.init();\r\n                        }\r\n                    }(document, 'script', 'shopthepost-script');\r\n                <\/script>\r\n                <div class=\"rs-adblock\">\r\n                    <img decoding=\"async\" src=\"\/\/assets.rewardstyle.com\/images\/search\/350.gif\" style=\"width:15px;height:15px;\" onerror=\"this.parentNode.innerHTML='Turn off your ad blocker to view content'\" \/>\r\n                    <noscript>Turn on your JavaScript to view content<\/noscript>\r\n                <\/div>\r\n            <\/div>\n","protected":false},"excerpt":{"rendered":"<p>Voc\u00eas acreditam que j\u00e1 lemos mais de dez livros juntos? Acho isso muito incr\u00edvel!<\/p>\n","protected":false},"author":1,"featured_media":113449,"comment_status":"open","ping_status":"closed","sticky":false,"template":"","format":"standard","meta":{"_uag_custom_page_level_css":"","footnotes":""},"categories":[4278,4260],"tags":[4279,4396],"class_list":["post-113447","post","type-post","status-publish","format-standard","has-post-thumbnail","hentry","category-clube-do-livro-do-marinao","category-minhas-leituras","tag-clube-do-livro-do-marinao","tag-leituras"],"uagb_featured_image_src":{"full":["https:\/\/www.2beauty.com.br\/blog\/wp-content\/uploads\/2019\/09\/cb2.jpg",900,600,false],"thumbnail":["https:\/\/www.2beauty.com.br\/blog\/wp-content\/uploads\/2019\/09\/cb2-300x250.jpg",300,250,true],"medium":["https:\/\/www.2beauty.com.br\/blog\/wp-content\/uploads\/2019\/09\/cb2-580x387.jpg",580,387,true],"medium_large":["https:\/\/www.2beauty.com.br\/blog\/wp-content\/uploads\/2019\/09\/cb2-768x512.jpg",768,512,true],"large":["https:\/\/www.2beauty.com.br\/blog\/wp-content\/uploads\/2019\/09\/cb2-620x413.jpg",620,413,true],"1536x1536":["https:\/\/www.2beauty.com.br\/blog\/wp-content\/uploads\/2019\/09\/cb2.jpg",900,600,false],"2048x2048":["https:\/\/www.2beauty.com.br\/blog\/wp-content\/uploads\/2019\/09\/cb2.jpg",900,600,false],"ashe-slider-grid-thumbnail":["https:\/\/www.2beauty.com.br\/blog\/wp-content\/uploads\/2019\/09\/cb2.jpg",810,540,false],"ashe-full-thumbnail":["https:\/\/www.2beauty.com.br\/blog\/wp-content\/uploads\/2019\/09\/cb2.jpg",900,600,false],"ashe-grid-thumbnail":["https:\/\/www.2beauty.com.br\/blog\/wp-content\/uploads\/2019\/09\/cb2.jpg",495,330,false],"ashe-list-thumbnail":["https:\/\/www.2beauty.com.br\/blog\/wp-content\/uploads\/2019\/09\/cb2.jpg",300,200,false],"ashe-single-navigation":["https:\/\/www.2beauty.com.br\/blog\/wp-content\/uploads\/2019\/09\/cb2.jpg",75,50,false]},"uagb_author_info":{"display_name":"Marina Smith","author_link":"https:\/\/www.2beauty.com.br\/blog\/author\/marinasmith\/"},"uagb_comment_info":0,"uagb_excerpt":"Voc\u00eas acreditam que j\u00e1 lemos mais de dez livros juntos? Acho isso muito incr\u00edvel!","acf":[],"_links":{"self":[{"href":"https:\/\/www.2beauty.com.br\/blog\/wp-json\/wp\/v2\/posts\/113447","targetHints":{"allow":["GET"]}}],"collection":[{"href":"https:\/\/www.2beauty.com.br\/blog\/wp-json\/wp\/v2\/posts"}],"about":[{"href":"https:\/\/www.2beauty.com.br\/blog\/wp-json\/wp\/v2\/types\/post"}],"author":[{"embeddable":true,"href":"https:\/\/www.2beauty.com.br\/blog\/wp-json\/wp\/v2\/users\/1"}],"replies":[{"embeddable":true,"href":"https:\/\/www.2beauty.com.br\/blog\/wp-json\/wp\/v2\/comments?post=113447"}],"version-history":[{"count":3,"href":"https:\/\/www.2beauty.com.br\/blog\/wp-json\/wp\/v2\/posts\/113447\/revisions"}],"predecessor-version":[{"id":113998,"href":"https:\/\/www.2beauty.com.br\/blog\/wp-json\/wp\/v2\/posts\/113447\/revisions\/113998"}],"wp:featuredmedia":[{"embeddable":true,"href":"https:\/\/www.2beauty.com.br\/blog\/wp-json\/wp\/v2\/media\/113449"}],"wp:attachment":[{"href":"https:\/\/www.2beauty.com.br\/blog\/wp-json\/wp\/v2\/media?parent=113447"}],"wp:term":[{"taxonomy":"category","embeddable":true,"href":"https:\/\/www.2beauty.com.br\/blog\/wp-json\/wp\/v2\/categories?post=113447"},{"taxonomy":"post_tag","embeddable":true,"href":"https:\/\/www.2beauty.com.br\/blog\/wp-json\/wp\/v2\/tags?post=113447"}],"curies":[{"name":"wp","href":"https:\/\/api.w.org\/{rel}","templated":true}]}}