{"id":112887,"date":"2019-07-17T19:03:52","date_gmt":"2019-07-17T21:03:52","guid":{"rendered":"https:\/\/www.2beauty.com.br\/blog\/?p=112887"},"modified":"2019-07-26T08:08:33","modified_gmt":"2019-07-26T10:08:33","slug":"revlon-colorstay-normal-dry-delineador-gel-mary-kay-e-dailus-nude-cada-um-tem-o-seu","status":"publish","type":"post","link":"https:\/\/www.2beauty.com.br\/blog\/2019\/07\/revlon-colorstay-normal-dry-delineador-gel-mary-kay-e-dailus-nude-cada-um-tem-o-seu\/","title":{"rendered":"Segundas Impress\u00f5es: Revlon ColorStay, Delineador Mary Kay e Palette Dailus Nude"},"content":{"rendered":"\n<script async=\"\" src=\"\/\/pagead2.googlesyndication.com\/pagead\/js\/adsbygoogle.js\"><\/script>\n<!-- Responsivo www.2beauty.com.br -->\n<ins class=\"adsbygoogle\" style=\"display:block\" data-ad-client=\"ca-pub-5401592170963248\" data-ad-slot=\"6719035301\" data-ad-format=\"auto\" data-full-width-responsive=\"true\"><\/ins>\n<script>\n(adsbygoogle = window.adsbygoogle || []).push({});\n<\/script>\n\n\n\n<hr class=\"wp-block-separator\"\/>\n\n\n\n<iframe src=\"https:\/\/www.youtube.com\/embed\/QQ1BDvLYk3k\" allow=\"accelerometer; autoplay; encrypted-media; gyroscope; picture-in-picture\" allowfullscreen=\"\" width=\"900\" height=\"506\" frameborder=\"0\"><\/iframe>\n\n\n\n<p>Aqui est\u00e3o alguns produtos que experimentei nas \u00faltimas semanas!<\/p>\n\n\n\n<h3 class=\"wp-block-heading\">Minutagem: <\/h3>\n\n\n\n<ul class=\"wp-block-list\"><li>Info b\u00e1sica e pre\u00e7o de tudo (00:44)<\/li><li> (02:32)<\/li><li> (05:23)<\/li><li> (06:37)<\/li><\/ul>\n\n\n\n<hr class=\"wp-block-separator\"\/>\n\n\n\n<figure class=\"wp-block-image\"><img fetchpriority=\"high\" decoding=\"async\" width=\"900\" height=\"600\" src=\"https:\/\/www.2beauty.com.br\/blog\/wp-content\/uploads\/2019\/07\/make2.jpg\" alt=\"\" class=\"wp-image-112888\" srcset=\"https:\/\/www.2beauty.com.br\/blog\/wp-content\/uploads\/2019\/07\/make2.jpg 900w, https:\/\/www.2beauty.com.br\/blog\/wp-content\/uploads\/2019\/07\/make2-580x387.jpg 580w, https:\/\/www.2beauty.com.br\/blog\/wp-content\/uploads\/2019\/07\/make2-768x512.jpg 768w, https:\/\/www.2beauty.com.br\/blog\/wp-content\/uploads\/2019\/07\/make2-620x413.jpg 620w, https:\/\/www.2beauty.com.br\/blog\/wp-content\/uploads\/2019\/07\/make2-860x573.jpg 860w\" sizes=\"(max-width: 900px) 100vw, 900px\" \/><\/figure>\n\n\n\n<h3 class=\"wp-block-heading\">Resum\u00e3o em texto:<\/h3>\n\n\n\n<h4 class=\"wp-block-heading\"><\/h4>\n\n\n\n<p><\/p>\n\n\n\n<p>Base FPS 20 de cobertura m\u00e9dia e acabamento sequinho acetinado.<\/p>\n\n\n\n<p>Ela \u00e9 indicada pra quem tem pele normal ou seca e a minha \u00e9 mista, mas gostei! T\u00f4 usando bastante nesses dias mais frios, porque o acabamento \u00e9 muito bonito e esse n\u00e3o \u00e9 um produto que marca\/acumula nas linhas finas ou \u00e1reas ressecadas.<\/p>\n\n\n\n<figure class=\"wp-block-image\"><img decoding=\"async\" width=\"900\" height=\"600\" src=\"https:\/\/www.2beauty.com.br\/blog\/wp-content\/uploads\/2019\/07\/base.jpg\" alt=\"\" class=\"wp-image-112904\" srcset=\"https:\/\/www.2beauty.com.br\/blog\/wp-content\/uploads\/2019\/07\/base.jpg 900w, https:\/\/www.2beauty.com.br\/blog\/wp-content\/uploads\/2019\/07\/base-580x387.jpg 580w, https:\/\/www.2beauty.com.br\/blog\/wp-content\/uploads\/2019\/07\/base-768x512.jpg 768w, https:\/\/www.2beauty.com.br\/blog\/wp-content\/uploads\/2019\/07\/base-620x413.jpg 620w, https:\/\/www.2beauty.com.br\/blog\/wp-content\/uploads\/2019\/07\/base-860x573.jpg 860w\" sizes=\"(max-width: 900px) 100vw, 900px\" \/><figcaption>Base antes e depois (entre 6 e 7 horas de uso)<\/figcaption><\/figure>\n\n\n\n<p>\u00c9 uma base confort\u00e1vel e de textura leve.<\/p>\n\n\n\n<p>Ela assenta\/seca ap\u00f3s ser aplicada, por\u00e9m n\u00e3o totalmente, ent\u00e3o transfere.<\/p>\n\n\n\n<p>Mesmo assim, n\u00e3o sinto a necessidade de um p\u00f3 para selar o look.<\/p>\n\n\n\n<p>Vale dizer que estamos no inverno e que a temperatura ajuda!<\/p>\n\n\n\n<p>Mesmo transferindo um pouco, o visual ao final do dia ainda \u00e9 muito homog\u00eaneo.<\/p>\n\n\n\n<p>Se voc\u00ea tem pele seca e est\u00e1 procurando uma base boa pro dia a dia, acho que ela \u00e9 uma \u00f3tima op\u00e7\u00e3o!<\/p>\n\n\n\n<figure class=\"wp-block-image\"><img decoding=\"async\" width=\"900\" height=\"600\" src=\"https:\/\/www.2beauty.com.br\/blog\/wp-content\/uploads\/2019\/07\/dailus.jpg\" alt=\"\" class=\"wp-image-112908\" srcset=\"https:\/\/www.2beauty.com.br\/blog\/wp-content\/uploads\/2019\/07\/dailus.jpg 900w, https:\/\/www.2beauty.com.br\/blog\/wp-content\/uploads\/2019\/07\/dailus-580x387.jpg 580w, https:\/\/www.2beauty.com.br\/blog\/wp-content\/uploads\/2019\/07\/dailus-768x512.jpg 768w, https:\/\/www.2beauty.com.br\/blog\/wp-content\/uploads\/2019\/07\/dailus-620x413.jpg 620w, https:\/\/www.2beauty.com.br\/blog\/wp-content\/uploads\/2019\/07\/dailus-860x573.jpg 860w\" sizes=\"(max-width: 900px) 100vw, 900px\" \/><\/figure>\n\n\n\n<h4 class=\"wp-block-heading\"><\/h4>\n\n\n\n<p><\/p>\n\n\n\n<p>Adorei! O estojo tem um pre\u00e7o super bom e conta com quatro sombras de acabamento matte em tonalidades \u00f3timas pra minha cartela de Inverno Profundo: berinjela, marrom, rosa e bege.<\/p>\n\n\n\n<p>A pigmenta\u00e7\u00e3o e a fixa\u00e7\u00e3o s\u00e3o boas e, apesar do acabamento matte, a textura dessas sombras n\u00e3o \u00e9 seca\/dif\u00edcil de esfumar.<\/p>\n\n\n\n<p>Aplico sem primer por baixo e o resultado \u00e9 sempre legal.<\/p>\n\n\n\n<p>Minha \u00fanica cr\u00edtica \u00e9 que as sobras esfarelam bastante, ent\u00e3o fique atenta e remova o excesso de produto do pincel antes de passar nos olhos.<\/p>\n\n\n\n<script async=\"\" src=\"\/\/pagead2.googlesyndication.com\/pagead\/js\/adsbygoogle.js\"><\/script>\n<!-- Responsivo www.2beauty.com.br -->\n<ins class=\"adsbygoogle\" style=\"display:block\" data-ad-client=\"ca-pub-5401592170963248\" data-ad-slot=\"6719035301\" data-ad-format=\"auto\" data-full-width-responsive=\"true\"><\/ins>\n<script>\n(adsbygoogle = window.adsbygoogle || []).push({});\n<\/script>\n\n\n\n<hr class=\"wp-block-separator\"\/>\n\n\n\n<figure class=\"wp-block-image\"><img loading=\"lazy\" decoding=\"async\" width=\"900\" height=\"600\" src=\"https:\/\/www.2beauty.com.br\/blog\/wp-content\/uploads\/2019\/07\/delineador.jpg\" alt=\"\" class=\"wp-image-112906\" srcset=\"https:\/\/www.2beauty.com.br\/blog\/wp-content\/uploads\/2019\/07\/delineador.jpg 900w, https:\/\/www.2beauty.com.br\/blog\/wp-content\/uploads\/2019\/07\/delineador-580x387.jpg 580w, https:\/\/www.2beauty.com.br\/blog\/wp-content\/uploads\/2019\/07\/delineador-768x512.jpg 768w, https:\/\/www.2beauty.com.br\/blog\/wp-content\/uploads\/2019\/07\/delineador-620x413.jpg 620w, https:\/\/www.2beauty.com.br\/blog\/wp-content\/uploads\/2019\/07\/delineador-860x573.jpg 860w\" sizes=\"(max-width: 900px) 100vw, 900px\" \/><\/figure>\n\n\n\n<h4 class=\"wp-block-heading\"><\/h4>\n\n\n\n<p><\/p>\n\n\n\n<p>Amei a cor desse delineador, porque acho que berinjela super combina comigo e \u00e9 uma tonalidade f\u00e1cil de usar e que foge do b\u00e1sico marrom e preto.<\/p>\n\n\n\n<p>O acabamento \u00e9 levemente metalizado e a pigmenta\u00e7\u00e3o \u00e9 boa.<\/p>\n\n\n\n<p>O delineador em gel vem com um pincel, mas n\u00e3o gosto muito dele, porque a ponta \u00e9 arredondada.<\/p>\n\n\n\n<p>Quanto \u00e0 fixa\u00e7\u00e3o, se aplico o delineador numa maquiagem mais elaborada com sombras e tals, tudo tranquilo! <\/p>\n\n\n\n<p>Quando uso ele sozinho, o olho esquerdo termina o dia intacto, mas noto que o gel carimba meu olho direito (acho que a p\u00e1lpebra t\u00e1 mais ca\u00edda desse lado, coisas da idade&#8230; hehehe).<\/p>\n\n\n\n<p>Resumindo: Gosto mais da cor do que da f\u00f3rmula, mas \u00e9 um bom produto.<\/p>\n\n\n\n<p>Se sua p\u00e1lpebra n\u00e3o \u00e9 oleosa ou mais gordinha, ele pode valer a pena!<\/p>\n","protected":false},"excerpt":{"rendered":"<p>Aqui est\u00e3o alguns produtos que experimentei nas \u00faltimas semanas!<\/p>\n","protected":false},"author":1,"featured_media":112888,"comment_status":"open","ping_status":"closed","sticky":false,"template":"","format":"standard","meta":{"_uag_custom_page_level_css":"","footnotes":""},"categories":[84],"tags":[4110,2492,4119,4088,265,4182,921,4419,4126,4138],"class_list":["post-112887","post","type-post","status-publish","format-standard","has-post-thumbnail","hentry","category-maquiagem","tag-base","tag-dailus","tag-delineador","tag-maquiagem","tag-mary-kay","tag-palettes-de-maquiagem","tag-revlon","tag-segundas-impressoes","tag-sombras","tag-videos"],"uagb_featured_image_src":{"full":["https:\/\/www.2beauty.com.br\/blog\/wp-content\/uploads\/2019\/07\/make2.jpg",900,600,false],"thumbnail":["https:\/\/www.2beauty.com.br\/blog\/wp-content\/uploads\/2019\/07\/make2-300x250.jpg",300,250,true],"medium":["https:\/\/www.2beauty.com.br\/blog\/wp-content\/uploads\/2019\/07\/make2-580x387.jpg",580,387,true],"medium_large":["https:\/\/www.2beauty.com.br\/blog\/wp-content\/uploads\/2019\/07\/make2-768x512.jpg",768,512,true],"large":["https:\/\/www.2beauty.com.br\/blog\/wp-content\/uploads\/2019\/07\/make2-620x413.jpg",620,413,true],"1536x1536":["https:\/\/www.2beauty.com.br\/blog\/wp-content\/uploads\/2019\/07\/make2.jpg",900,600,false],"2048x2048":["https:\/\/www.2beauty.com.br\/blog\/wp-content\/uploads\/2019\/07\/make2.jpg",900,600,false],"ashe-slider-grid-thumbnail":["https:\/\/www.2beauty.com.br\/blog\/wp-content\/uploads\/2019\/07\/make2.jpg",810,540,false],"ashe-full-thumbnail":["https:\/\/www.2beauty.com.br\/blog\/wp-content\/uploads\/2019\/07\/make2.jpg",900,600,false],"ashe-grid-thumbnail":["https:\/\/www.2beauty.com.br\/blog\/wp-content\/uploads\/2019\/07\/make2.jpg",495,330,false],"ashe-list-thumbnail":["https:\/\/www.2beauty.com.br\/blog\/wp-content\/uploads\/2019\/07\/make2.jpg",300,200,false],"ashe-single-navigation":["https:\/\/www.2beauty.com.br\/blog\/wp-content\/uploads\/2019\/07\/make2.jpg",75,50,false]},"uagb_author_info":{"display_name":"Marina Smith","author_link":"https:\/\/www.2beauty.com.br\/blog\/author\/marinasmith\/"},"uagb_comment_info":0,"uagb_excerpt":"Aqui est\u00e3o alguns produtos que experimentei nas \u00faltimas semanas!","acf":[],"_links":{"self":[{"href":"https:\/\/www.2beauty.com.br\/blog\/wp-json\/wp\/v2\/posts\/112887","targetHints":{"allow":["GET"]}}],"collection":[{"href":"https:\/\/www.2beauty.com.br\/blog\/wp-json\/wp\/v2\/posts"}],"about":[{"href":"https:\/\/www.2beauty.com.br\/blog\/wp-json\/wp\/v2\/types\/post"}],"author":[{"embeddable":true,"href":"https:\/\/www.2beauty.com.br\/blog\/wp-json\/wp\/v2\/users\/1"}],"replies":[{"embeddable":true,"href":"https:\/\/www.2beauty.com.br\/blog\/wp-json\/wp\/v2\/comments?post=112887"}],"version-history":[{"count":3,"href":"https:\/\/www.2beauty.com.br\/blog\/wp-json\/wp\/v2\/posts\/112887\/revisions"}],"predecessor-version":[{"id":112960,"href":"https:\/\/www.2beauty.com.br\/blog\/wp-json\/wp\/v2\/posts\/112887\/revisions\/112960"}],"wp:featuredmedia":[{"embeddable":true,"href":"https:\/\/www.2beauty.com.br\/blog\/wp-json\/wp\/v2\/media\/112888"}],"wp:attachment":[{"href":"https:\/\/www.2beauty.com.br\/blog\/wp-json\/wp\/v2\/media?parent=112887"}],"wp:term":[{"taxonomy":"category","embeddable":true,"href":"https:\/\/www.2beauty.com.br\/blog\/wp-json\/wp\/v2\/categories?post=112887"},{"taxonomy":"post_tag","embeddable":true,"href":"https:\/\/www.2beauty.com.br\/blog\/wp-json\/wp\/v2\/tags?post=112887"}],"curies":[{"name":"wp","href":"https:\/\/api.w.org\/{rel}","templated":true}]}}