{"id":112732,"date":"2019-06-28T12:33:13","date_gmt":"2019-06-28T14:33:13","guid":{"rendered":"https:\/\/www.2beauty.com.br\/blog\/?p=112732"},"modified":"2019-07-03T22:52:28","modified_gmt":"2019-07-04T00:52:28","slug":"guerlain-aqua-allegoria-pera-granita-eau-de-toilette","status":"publish","type":"post","link":"https:\/\/www.2beauty.com.br\/blog\/2019\/06\/guerlain-aqua-allegoria-pera-granita-eau-de-toilette\/","title":{"rendered":"Guerlain Aqua Allegoria Pera Granita Eau De Toilette"},"content":{"rendered":"\n<script async=\"\" src=\"\/\/pagead2.googlesyndication.com\/pagead\/js\/adsbygoogle.js\"><\/script>\n<!-- Responsivo www.2beauty.com.br -->\n<ins class=\"adsbygoogle\" style=\"display:block\" data-ad-client=\"ca-pub-5401592170963248\" data-ad-slot=\"6719035301\" data-ad-format=\"auto\" data-full-width-responsive=\"true\"><\/ins>\n<script>\n(adsbygoogle = window.adsbygoogle || []).push({});\n<\/script>\n\n\n\n<hr class=\"wp-block-separator\"\/>\n\n\n\n<figure class=\"wp-block-image\"><img fetchpriority=\"high\" decoding=\"async\" width=\"900\" height=\"600\" src=\"https:\/\/www.2beauty.com.br\/blog\/wp-content\/uploads\/2019\/06\/pera1.jpg\" alt=\"\" class=\"wp-image-112741\" srcset=\"https:\/\/www.2beauty.com.br\/blog\/wp-content\/uploads\/2019\/06\/pera1.jpg 900w, https:\/\/www.2beauty.com.br\/blog\/wp-content\/uploads\/2019\/06\/pera1-580x387.jpg 580w, https:\/\/www.2beauty.com.br\/blog\/wp-content\/uploads\/2019\/06\/pera1-768x512.jpg 768w, https:\/\/www.2beauty.com.br\/blog\/wp-content\/uploads\/2019\/06\/pera1-620x413.jpg 620w, https:\/\/www.2beauty.com.br\/blog\/wp-content\/uploads\/2019\/06\/pera1-860x573.jpg 860w\" sizes=\"(max-width: 900px) 100vw, 900px\" \/><\/figure>\n\n\n\n<h3 class=\"wp-block-heading\">T\u00f4 me achando super chique!<\/h3>\n\n\n\n<p>Ganhei de anivers\u00e1rio um perfume lindo da Guerlain com meu nome gravado no frasco.<\/p>\n\n\n\n<p>Pera Granita \u00e9 da fam\u00edlia Aqua Allegoria, uma das cole\u00e7\u00f5es mais emblem\u00e1ticas da marca, pois foi a primeira cole\u00e7\u00e3o de fragr\u00e2ncias intensamente frescas na perfumaria mundial.<\/p>\n\n\n\n<p><strong>Aqua Allegoria<\/strong> presta homenagem \u00e0 natureza e \u00e0s incr\u00edveis mat\u00e9rias-primas provenientes dela.<\/p>\n\n\n\n<p>Dentro dessa fam\u00edlia, <strong>Pera Granita<\/strong> \u00e9 descrita como uma caminhada pelo Jardim das Hesp\u00e9rides.<\/p>\n\n\n\n<p>Na mitologia grega, esse jardim foi morada das deusas primaveris.<\/p>\n\n\n\n<blockquote class=\"wp-block-quote is-layout-flow wp-block-quote-is-layout-flow\"><p>Pera Granita \u00e9 um Eau de Toilette suculento e alegre, com uma fragr\u00e2ncia c\u00edtrica frutada, composta por Bergamota, Pera e Osmanthus. Uma caminhada pelo Jardim das Hesp\u00e9rides.<\/p><\/blockquote>\n\n\n\n<figure class=\"wp-block-image\"><img decoding=\"async\" width=\"900\" height=\"600\" src=\"https:\/\/www.2beauty.com.br\/blog\/wp-content\/uploads\/2019\/06\/pera2.jpg\" alt=\"\" class=\"wp-image-112742\" srcset=\"https:\/\/www.2beauty.com.br\/blog\/wp-content\/uploads\/2019\/06\/pera2.jpg 900w, https:\/\/www.2beauty.com.br\/blog\/wp-content\/uploads\/2019\/06\/pera2-580x387.jpg 580w, https:\/\/www.2beauty.com.br\/blog\/wp-content\/uploads\/2019\/06\/pera2-768x512.jpg 768w, https:\/\/www.2beauty.com.br\/blog\/wp-content\/uploads\/2019\/06\/pera2-620x413.jpg 620w, https:\/\/www.2beauty.com.br\/blog\/wp-content\/uploads\/2019\/06\/pera2-860x573.jpg 860w\" sizes=\"(max-width: 900px) 100vw, 900px\" \/><\/figure>\n\n\n\n<figure class=\"wp-block-image\"><img decoding=\"async\" width=\"900\" height=\"420\" src=\"https:\/\/www.2beauty.com.br\/blog\/wp-content\/uploads\/2019\/06\/pera3.jpg\" alt=\"\" class=\"wp-image-112743\" srcset=\"https:\/\/www.2beauty.com.br\/blog\/wp-content\/uploads\/2019\/06\/pera3.jpg 900w, https:\/\/www.2beauty.com.br\/blog\/wp-content\/uploads\/2019\/06\/pera3-580x271.jpg 580w, https:\/\/www.2beauty.com.br\/blog\/wp-content\/uploads\/2019\/06\/pera3-768x358.jpg 768w, https:\/\/www.2beauty.com.br\/blog\/wp-content\/uploads\/2019\/06\/pera3-620x289.jpg 620w, https:\/\/www.2beauty.com.br\/blog\/wp-content\/uploads\/2019\/06\/pera3-860x401.jpg 860w\" sizes=\"(max-width: 900px) 100vw, 900px\" \/><\/figure>\n\n\n\n<h3 class=\"wp-block-heading\">Impress\u00f5es<\/h3>\n\n\n\n<p>De sa\u00edda, a fragr\u00e2ncia \u00e9 mais doce e ardidinha, mas aos poucos se acalma e se transforma num floral frutado muito leve e limpo.<\/p>\n\n\n\n<p>\u00c9 um perfume diurno super confort\u00e1vel, f\u00e1cil de agradar e de usar em qualquer esta\u00e7\u00e3o.<\/p>\n\n\n\n<p>Pra mim, tem cheiro de um dia ensolarado de primavera :)<\/p>\n\n\n\n<h3 class=\"wp-block-heading\">Pir\u00e2mide Olfativa<\/h3>\n\n\n\n<ul class=\"wp-block-list\"><li><strong>Notas de cabe\u00e7a:<\/strong> toranja, bergamota e lim\u00e3o verdadeiro;<\/li><li><strong>Notas de cora\u00e7\u00e3o:<\/strong> flor de laranjeira, osmanthus, p\u00eara e hedione;<\/li><li><strong>Notas de base:<\/strong> musgo, alm\u00edscar branco e cedro.<\/li><\/ul>\n\n\n\n<h3 class=\"wp-block-heading\">Fixa\u00e7\u00e3o<\/h3>\n\n\n\n<p>Est\u00e1 de acordo com eau de toilette (fragr\u00e2ncias com concentra\u00e7\u00e3o de ess\u00eancia mais baixa do que eau de parfum). <\/p>\n\n\n\n<p>Consigo notar o perfume da Guerlain por um per\u00edodo de cinco a seis horas na minha pele.<\/p>\n\n\n\n<p>O frasco de 75ml de Aqua Allegoria Pera Granita <\/p>\n\n\n\n<div class=\"shopthepost-widget\" data-widget-id=\"3631083\">\r\n                <script type=\"text\/javascript\" language=\"javascript\">\r\n                    !function(d,s,id){\r\n                        var e, p = \/^http:\/.test(d.location) ? 'http' : 'https';\r\n                        if(!d.getElementById(id)) {\r\n                            e     = d.createElement(s);\r\n                            e.id  = id;\r\n                            e.src = p + ':\/\/widgets.rewardstyle.com\/js\/shopthepost.js';\r\n                            d.body.appendChild(e);\r\n                        }\r\n                        if(typeof window.__stp === 'object') if(d.readyState === 'complete') {\r\n                            window.__stp.init();\r\n                        }\r\n                    }(document, 'script', 'shopthepost-script');\r\n                <\/script>\r\n                <div class=\"rs-adblock\">\r\n                    <img decoding=\"async\" src=\"\/\/assets.rewardstyle.com\/images\/search\/350.gif\" style=\"width:15px;height:15px;\" onerror=\"this.parentNode.innerHTML='Turn off your ad blocker to view content'\" \/>\r\n                    <noscript>Turn on your JavaScript to view content<\/noscript>\r\n                <\/div>\r\n            <\/div>\n","protected":false},"excerpt":{"rendered":"<p>Pra mim, tem cheiro de um dia ensolarado de primavera.<\/p>\n","protected":false},"author":1,"featured_media":112741,"comment_status":"open","ping_status":"closed","sticky":false,"template":"","format":"standard","meta":{"_uag_custom_page_level_css":"","footnotes":""},"categories":[1],"tags":[845,1636],"class_list":["post-112732","post","type-post","status-publish","format-standard","has-post-thumbnail","hentry","category-geral","tag-guerlain","tag-perfumes"],"uagb_featured_image_src":{"full":["https:\/\/www.2beauty.com.br\/blog\/wp-content\/uploads\/2019\/06\/pera1.jpg",900,600,false],"thumbnail":["https:\/\/www.2beauty.com.br\/blog\/wp-content\/uploads\/2019\/06\/pera1-300x250.jpg",300,250,true],"medium":["https:\/\/www.2beauty.com.br\/blog\/wp-content\/uploads\/2019\/06\/pera1-580x387.jpg",580,387,true],"medium_large":["https:\/\/www.2beauty.com.br\/blog\/wp-content\/uploads\/2019\/06\/pera1-768x512.jpg",768,512,true],"large":["https:\/\/www.2beauty.com.br\/blog\/wp-content\/uploads\/2019\/06\/pera1-620x413.jpg",620,413,true],"1536x1536":["https:\/\/www.2beauty.com.br\/blog\/wp-content\/uploads\/2019\/06\/pera1.jpg",900,600,false],"2048x2048":["https:\/\/www.2beauty.com.br\/blog\/wp-content\/uploads\/2019\/06\/pera1.jpg",900,600,false],"ashe-slider-grid-thumbnail":["https:\/\/www.2beauty.com.br\/blog\/wp-content\/uploads\/2019\/06\/pera1.jpg",810,540,false],"ashe-full-thumbnail":["https:\/\/www.2beauty.com.br\/blog\/wp-content\/uploads\/2019\/06\/pera1.jpg",900,600,false],"ashe-grid-thumbnail":["https:\/\/www.2beauty.com.br\/blog\/wp-content\/uploads\/2019\/06\/pera1.jpg",495,330,false],"ashe-list-thumbnail":["https:\/\/www.2beauty.com.br\/blog\/wp-content\/uploads\/2019\/06\/pera1.jpg",300,200,false],"ashe-single-navigation":["https:\/\/www.2beauty.com.br\/blog\/wp-content\/uploads\/2019\/06\/pera1.jpg",75,50,false]},"uagb_author_info":{"display_name":"Marina Smith","author_link":"https:\/\/www.2beauty.com.br\/blog\/author\/marinasmith\/"},"uagb_comment_info":0,"uagb_excerpt":"Pra mim, tem cheiro de um dia ensolarado de primavera.","acf":[],"_links":{"self":[{"href":"https:\/\/www.2beauty.com.br\/blog\/wp-json\/wp\/v2\/posts\/112732","targetHints":{"allow":["GET"]}}],"collection":[{"href":"https:\/\/www.2beauty.com.br\/blog\/wp-json\/wp\/v2\/posts"}],"about":[{"href":"https:\/\/www.2beauty.com.br\/blog\/wp-json\/wp\/v2\/types\/post"}],"author":[{"embeddable":true,"href":"https:\/\/www.2beauty.com.br\/blog\/wp-json\/wp\/v2\/users\/1"}],"replies":[{"embeddable":true,"href":"https:\/\/www.2beauty.com.br\/blog\/wp-json\/wp\/v2\/comments?post=112732"}],"version-history":[{"count":3,"href":"https:\/\/www.2beauty.com.br\/blog\/wp-json\/wp\/v2\/posts\/112732\/revisions"}],"predecessor-version":[{"id":112763,"href":"https:\/\/www.2beauty.com.br\/blog\/wp-json\/wp\/v2\/posts\/112732\/revisions\/112763"}],"wp:featuredmedia":[{"embeddable":true,"href":"https:\/\/www.2beauty.com.br\/blog\/wp-json\/wp\/v2\/media\/112741"}],"wp:attachment":[{"href":"https:\/\/www.2beauty.com.br\/blog\/wp-json\/wp\/v2\/media?parent=112732"}],"wp:term":[{"taxonomy":"category","embeddable":true,"href":"https:\/\/www.2beauty.com.br\/blog\/wp-json\/wp\/v2\/categories?post=112732"},{"taxonomy":"post_tag","embeddable":true,"href":"https:\/\/www.2beauty.com.br\/blog\/wp-json\/wp\/v2\/tags?post=112732"}],"curies":[{"name":"wp","href":"https:\/\/api.w.org\/{rel}","templated":true}]}}