{"id":11241,"date":"2010-04-22T12:08:20","date_gmt":"2010-04-22T14:08:20","guid":{"rendered":"https:\/\/www.2beauty.com.br\/blog\/?p=11241"},"modified":"2010-04-22T12:08:20","modified_gmt":"2010-04-22T14:08:20","slug":"video-olho-preto-rapidao","status":"publish","type":"post","link":"https:\/\/www.2beauty.com.br\/blog\/2010\/04\/video-olho-preto-rapidao\/","title":{"rendered":"V\u00eddeo: Olho preto rapid\u00e3o"},"content":{"rendered":"<p>O make do v\u00eddeo \u00e9 meu make de &#8220;seguran\u00e7a&#8221;. \u00c9 r\u00e1pido de fazer, n\u00e3o requer muitos produtos e sempre chama aten\u00e7\u00e3o. Se n\u00e3o tenho tempo ou se n\u00e3o sei o que usar nos olhos, aposto nele!<br \/>\nOs\u00a0itens\u00a0utilizados tendem a variar de marca, mas o b\u00e1sico geral \u00e9 l\u00e1pis preto, sombra preta e sombra marrom.<br \/>\nBora?<br \/>\n<object classid=\"clsid:d27cdb6e-ae6d-11cf-96b8-444553540000\" width=\"425\" height=\"344\" codebase=\"https:\/\/download.macromedia.com\/pub\/shockwave\/cabs\/flash\/swflash.cab#version=6,0,40,0\"><param name=\"allowFullScreen\" value=\"true\" \/><param name=\"allowscriptaccess\" value=\"always\" \/><param name=\"src\" value=\"https:\/\/www.youtube.com\/v\/yxqJPQ0KTDA&amp;hl=pt_BR&amp;fs=1&amp;color1=0xcc2550&amp;color2=0xe87a9f\" \/><param name=\"allowfullscreen\" value=\"true\" \/><embed type=\"application\/x-shockwave-flash\" width=\"425\" height=\"344\" src=\"https:\/\/www.youtube.com\/v\/yxqJPQ0KTDA&amp;hl=pt_BR&amp;fs=1&amp;color1=0xcc2550&amp;color2=0xe87a9f\" allowfullscreen=\"true\" allowscriptaccess=\"always\"><\/embed><\/object><br \/>\nQuem n\u00e3o consegue acessar o Youtube pode baixar o v\u00eddeo <a href=\"https:\/\/www.2beauty.com.br\/olhopreto.wmv\" target=\"_blank\">aqui<\/a>.<br \/>\nPor favor, n\u00e3o reparar no cabelo u\u00f3h. Grata! :)<br \/>\nPS: Acabei de subir o v\u00eddeo pro Youtube, ent\u00e3o a qualidade ainda\u00a0n\u00e3o est\u00e1 super. Ela melhora, mas n\u00e3o depende de mim e sim do Sr. Youtube. Daqui uma hora +ou-, a coisa toda\u00a0deve\u00a0estar nos trinques.\u00a0<\/p>\n<p style=\"text-align: center;\"><a href=\"https:\/\/www.2beauty.com.br\/blog\/wp-content\/uploads\/2010\/04\/foto2.jpg\"><strong><img fetchpriority=\"high\" decoding=\"async\" class=\"alignnone size-full wp-image-11242\" title=\"foto\" src=\"https:\/\/www.2beauty.com.br\/blog\/wp-content\/uploads\/2010\/04\/foto2.jpg\" alt=\"\" width=\"375\" height=\"500\" srcset=\"https:\/\/www.2beauty.com.br\/blog\/wp-content\/uploads\/2010\/04\/foto2.jpg 375w, https:\/\/www.2beauty.com.br\/blog\/wp-content\/uploads\/2010\/04\/foto2-326x435.jpg 326w\" sizes=\"(max-width: 375px) 100vw, 375px\" \/><\/strong><\/a><\/p>\n<p style=\"text-align: center;\"><strong>Foram bem de feriado?<\/strong><\/p>\n<p>O Nobuto ferveu o dia todo, participou do chat e s\u00f3 se acalmou durante o jogo do Gr\u00eamio, l\u00e1 pelas 22h.<\/p>\n","protected":false},"excerpt":{"rendered":"<p>O make do v\u00eddeo \u00e9 meu make de &#8220;seguran\u00e7a&#8221;. \u00c9 r\u00e1pido de fazer, n\u00e3o requer muitos produtos e sempre chama aten\u00e7\u00e3o. Se n\u00e3o tenho tempo ou se n\u00e3o sei o que usar nos olhos, aposto nele! Os\u00a0itens\u00a0utilizados tendem a variar de marca, mas o b\u00e1sico geral \u00e9 l\u00e1pis preto, sombra preta e sombra marrom. Bora? Quem n\u00e3o consegue acessar o Youtube pode baixar o v\u00eddeo aqui. Por favor, n\u00e3o reparar no cabelo u\u00f3h. Grata! :) PS: Acabei de subir o v\u00eddeo pro Youtube, ent\u00e3o a qualidade ainda\u00a0n\u00e3o est\u00e1 super. Ela melhora, mas n\u00e3o depende de mim e sim do Sr. Youtube. Daqui uma hora +ou-, a coisa toda\u00a0deve\u00a0estar nos trinques.\u00a0 Foram bem de feriado? O Nobuto ferveu o dia todo, participou do chat e s\u00f3 se acalmou durante o jogo do Gr\u00eamio, l\u00e1 pelas 22h.<\/p>\n","protected":false},"author":1,"featured_media":0,"comment_status":"open","ping_status":"open","sticky":false,"template":"","format":"standard","meta":{"_uag_custom_page_level_css":"","footnotes":""},"categories":[1],"tags":[4152,256,524,1609,1600,432,1087,607],"class_list":["post-11241","post","type-post","status-publish","format-standard","hentry","category-geral","tag-2beauty","tag-duda-molinos","tag-o-boticario","tag-olho-escuro","tag-olho-preto","tag-smokey-eye","tag-sombra-preta","tag-yes-cosmetics"],"uagb_featured_image_src":{"full":false,"thumbnail":false,"medium":false,"medium_large":false,"large":false,"1536x1536":false,"2048x2048":false,"ashe-slider-grid-thumbnail":false,"ashe-full-thumbnail":false,"ashe-grid-thumbnail":false,"ashe-list-thumbnail":false,"ashe-single-navigation":false},"uagb_author_info":{"display_name":"Marina Smith","author_link":"https:\/\/www.2beauty.com.br\/blog\/author\/marinasmith\/"},"uagb_comment_info":90,"uagb_excerpt":"O make do v\u00eddeo \u00e9 meu make de &#8220;seguran\u00e7a&#8221;. \u00c9 r\u00e1pido de fazer, n\u00e3o requer muitos produtos e sempre chama aten\u00e7\u00e3o. Se n\u00e3o tenho tempo ou se n\u00e3o sei o que usar nos olhos, aposto nele! Os\u00a0itens\u00a0utilizados tendem a variar de marca, mas o b\u00e1sico geral \u00e9 l\u00e1pis preto, sombra preta e sombra marrom. Bora?&hellip;","acf":[],"_links":{"self":[{"href":"https:\/\/www.2beauty.com.br\/blog\/wp-json\/wp\/v2\/posts\/11241","targetHints":{"allow":["GET"]}}],"collection":[{"href":"https:\/\/www.2beauty.com.br\/blog\/wp-json\/wp\/v2\/posts"}],"about":[{"href":"https:\/\/www.2beauty.com.br\/blog\/wp-json\/wp\/v2\/types\/post"}],"author":[{"embeddable":true,"href":"https:\/\/www.2beauty.com.br\/blog\/wp-json\/wp\/v2\/users\/1"}],"replies":[{"embeddable":true,"href":"https:\/\/www.2beauty.com.br\/blog\/wp-json\/wp\/v2\/comments?post=11241"}],"version-history":[{"count":0,"href":"https:\/\/www.2beauty.com.br\/blog\/wp-json\/wp\/v2\/posts\/11241\/revisions"}],"wp:attachment":[{"href":"https:\/\/www.2beauty.com.br\/blog\/wp-json\/wp\/v2\/media?parent=11241"}],"wp:term":[{"taxonomy":"category","embeddable":true,"href":"https:\/\/www.2beauty.com.br\/blog\/wp-json\/wp\/v2\/categories?post=11241"},{"taxonomy":"post_tag","embeddable":true,"href":"https:\/\/www.2beauty.com.br\/blog\/wp-json\/wp\/v2\/tags?post=11241"}],"curies":[{"name":"wp","href":"https:\/\/api.w.org\/{rel}","templated":true}]}}