{"id":111869,"date":"2019-03-15T18:14:53","date_gmt":"2019-03-15T20:14:53","guid":{"rendered":"https:\/\/www.2beauty.com.br\/blog\/?p=111869"},"modified":"2019-03-22T21:23:53","modified_gmt":"2019-03-22T23:23:53","slug":"resenha-mac-eye-kohl-cor-teddy","status":"publish","type":"post","link":"https:\/\/www.2beauty.com.br\/blog\/2019\/03\/resenha-mac-eye-kohl-cor-teddy\/","title":{"rendered":"Resenha: MAC Eye Kohl (cor Teddy)"},"content":{"rendered":"\n<figure class=\"wp-block-image\"><img fetchpriority=\"high\" decoding=\"async\" width=\"900\" height=\"600\" src=\"https:\/\/www.2beauty.com.br\/blog\/wp-content\/uploads\/2019\/03\/mac1.jpg\" alt=\"Resenha: MAC Eye Kohl (cor Teddy)\" class=\"wp-image-111870\" srcset=\"https:\/\/www.2beauty.com.br\/blog\/wp-content\/uploads\/2019\/03\/mac1.jpg 900w, https:\/\/www.2beauty.com.br\/blog\/wp-content\/uploads\/2019\/03\/mac1-580x387.jpg 580w, https:\/\/www.2beauty.com.br\/blog\/wp-content\/uploads\/2019\/03\/mac1-768x512.jpg 768w, https:\/\/www.2beauty.com.br\/blog\/wp-content\/uploads\/2019\/03\/mac1-620x413.jpg 620w, https:\/\/www.2beauty.com.br\/blog\/wp-content\/uploads\/2019\/03\/mac1-860x573.jpg 860w\" sizes=\"(max-width: 900px) 100vw, 900px\" \/><\/figure>\n\n\n\n<p style=\"text-align: center;\"><img decoding=\"async\" title=\"Estrela\" src=\"https:\/\/www.2beauty.com.br\/blog\/images\/star.gif\" alt=\"Estrela\"><img decoding=\"async\" title=\"Estrela\" src=\"https:\/\/www.2beauty.com.br\/blog\/images\/star.gif\" alt=\"Estrela\"><img decoding=\"async\" title=\"Estrela\" src=\"https:\/\/www.2beauty.com.br\/blog\/images\/star.gif\" alt=\"Estrela\"><img decoding=\"async\" title=\"Estrela\" src=\"https:\/\/www.2beauty.com.br\/blog\/images\/star3.gif\" alt=\"Estrela\"><img decoding=\"async\" title=\"Estrela\" src=\"https:\/\/www.2beauty.com.br\/blog\/images\/star2.gif\" alt=\"Estrela\"><\/p>\n<p style=\"text-align: center;\"><strong>3,5 estrelinhas<\/strong><\/p>\n\n\n\n<p>Adoro essa cor e acho \u00f3tima pra dar um charme no dia a dia, s\u00f3 que o l\u00e1pis carimba a minha p\u00e1lpebra depois de algumas horas de uso.<\/p>\n\n\n\n<h3 class=\"wp-block-heading\">A descri\u00e7\u00e3o diz o seguinte:<\/h3>\n\n\n\n<blockquote class=\"wp-block-quote is-layout-flow wp-block-quote-is-layout-flow\"><p>L\u00e1pis delineador suave que delineia, define e sombreia os olhos com cores ricas, deixando um acabamento sedoso, mate\/perolado. Testado por oftalmologista.<\/p><\/blockquote>\n\n\n\n<p>A linha Eye Kohl conta com seis tonalidades de acabamentos variados que <a rel=\"noreferrer noopener\" aria-label=\"custam R$79,00 reais cada (abre numa nova aba)\" href=\"http:\/\/bit.ly\/2F2Oyy3\" target=\"_blank\">custam R$79,00 reais cada<\/a> nas lojas f\u00edsicas e no e-commerce da MAC.<\/p>\n\n\n\n<figure class=\"wp-block-image\"><img decoding=\"async\" width=\"900\" height=\"600\" src=\"https:\/\/www.2beauty.com.br\/blog\/wp-content\/uploads\/2019\/03\/mac2.jpg\" alt=\"Resenha: MAC Eye Kohl (cor Teddy)\" class=\"wp-image-111871\" srcset=\"https:\/\/www.2beauty.com.br\/blog\/wp-content\/uploads\/2019\/03\/mac2.jpg 900w, https:\/\/www.2beauty.com.br\/blog\/wp-content\/uploads\/2019\/03\/mac2-580x387.jpg 580w, https:\/\/www.2beauty.com.br\/blog\/wp-content\/uploads\/2019\/03\/mac2-768x512.jpg 768w, https:\/\/www.2beauty.com.br\/blog\/wp-content\/uploads\/2019\/03\/mac2-620x413.jpg 620w, https:\/\/www.2beauty.com.br\/blog\/wp-content\/uploads\/2019\/03\/mac2-860x573.jpg 860w\" sizes=\"(max-width: 900px) 100vw, 900px\" \/><\/figure>\n\n\n\n<figure class=\"wp-block-image\"><img decoding=\"async\" width=\"900\" height=\"600\" src=\"https:\/\/www.2beauty.com.br\/blog\/wp-content\/uploads\/2019\/03\/mac3.jpg\" alt=\"Resenha: MAC Eye Kohl (cor Teddy)\" class=\"wp-image-111872\" srcset=\"https:\/\/www.2beauty.com.br\/blog\/wp-content\/uploads\/2019\/03\/mac3.jpg 900w, https:\/\/www.2beauty.com.br\/blog\/wp-content\/uploads\/2019\/03\/mac3-580x387.jpg 580w, https:\/\/www.2beauty.com.br\/blog\/wp-content\/uploads\/2019\/03\/mac3-768x512.jpg 768w, https:\/\/www.2beauty.com.br\/blog\/wp-content\/uploads\/2019\/03\/mac3-620x413.jpg 620w, https:\/\/www.2beauty.com.br\/blog\/wp-content\/uploads\/2019\/03\/mac3-860x573.jpg 860w\" sizes=\"(max-width: 900px) 100vw, 900px\" \/><figcaption>Amostrinha<\/figcaption><\/figure>\n\n\n\n<h3 class=\"wp-block-heading\">Cor e textura<\/h3>\n\n\n\n<p>Teddy \u00e9 um marrom acobreado de acabamento levemente met\u00e1lico\/cintilante.<\/p>\n\n\n\n<p>A cor \u00e9 do tipo que vai bem em qualquer ocasi\u00e3o! <\/p>\n\n\n\n<p>Eu uso bastante quando quero chamar aten\u00e7\u00e3o pros olhos de uma forma mais sutil, fugindo do cl\u00e1ssico preto.<\/p>\n\n\n\n<p>Sua textura \u00e9 macia e o l\u00e1pis desliza sem problemas sobre a p\u00e1lpebra.<\/p>\n\n\n\n<figure class=\"wp-block-image\"><img loading=\"lazy\" decoding=\"async\" width=\"900\" height=\"600\" src=\"https:\/\/www.2beauty.com.br\/blog\/wp-content\/uploads\/2019\/03\/mac4.jpg\" alt=\"Resenha: MAC Eye Kohl (cor Teddy)\" class=\"wp-image-111873\" srcset=\"https:\/\/www.2beauty.com.br\/blog\/wp-content\/uploads\/2019\/03\/mac4.jpg 900w, https:\/\/www.2beauty.com.br\/blog\/wp-content\/uploads\/2019\/03\/mac4-580x387.jpg 580w, https:\/\/www.2beauty.com.br\/blog\/wp-content\/uploads\/2019\/03\/mac4-768x512.jpg 768w, https:\/\/www.2beauty.com.br\/blog\/wp-content\/uploads\/2019\/03\/mac4-620x413.jpg 620w, https:\/\/www.2beauty.com.br\/blog\/wp-content\/uploads\/2019\/03\/mac4-860x573.jpg 860w\" sizes=\"(max-width: 900px) 100vw, 900px\" \/><\/figure>\n\n\n\n<h3 class=\"wp-block-heading\">Pigmenta\u00e7\u00e3o e fixa\u00e7\u00e3o<\/h3>\n\n\n\n<p>A pigmenta\u00e7\u00e3o \u00e9 bacana e, mesmo sendo um l\u00e1pis cremoso e macio, n\u00e3o \u00e9 do tipo que desmancha quando voc\u00ea resolve apont\u00e1-lo.<\/p>\n\n\n\n<p>Funciona bem tanto na p\u00e1lpebra quanto na linha d&#8217;\u00e1gua.<\/p>\n\n\n\n<p>Por\u00e9m, tenho tido alguns problemas da cor carimbar a p\u00e1lpebra em dias mais quentes.<\/p>\n\n\n\n<p>Depois de tr\u00eas ou quatro horas maquiada, percebo um borr\u00e3o no canto externo do olho.<\/p>\n\n\n\n<p>A cor do tra\u00e7o se mant\u00e9m viva por, mais ou menos, umas cinco horas. A partir da sexta, come\u00e7a a enfraquecer.<\/p>\n\n\n\n<p>Ao final de um dia inteiro (+ de 8 horas de uso), apesar do tom estar mais fraco e da p\u00e1lpebra estar carimbada, o delineado n\u00e3o perde muito da sua forma original.<\/p>\n\n\n\n<figure class=\"wp-block-image\"><img loading=\"lazy\" decoding=\"async\" width=\"900\" height=\"600\" src=\"https:\/\/www.2beauty.com.br\/blog\/wp-content\/uploads\/2019\/03\/mac5.jpg\" alt=\"Resenha: MAC Eye Kohl (cor Teddy)\" class=\"wp-image-111874\" srcset=\"https:\/\/www.2beauty.com.br\/blog\/wp-content\/uploads\/2019\/03\/mac5.jpg 900w, https:\/\/www.2beauty.com.br\/blog\/wp-content\/uploads\/2019\/03\/mac5-580x387.jpg 580w, https:\/\/www.2beauty.com.br\/blog\/wp-content\/uploads\/2019\/03\/mac5-768x512.jpg 768w, https:\/\/www.2beauty.com.br\/blog\/wp-content\/uploads\/2019\/03\/mac5-620x413.jpg 620w, https:\/\/www.2beauty.com.br\/blog\/wp-content\/uploads\/2019\/03\/mac5-860x573.jpg 860w\" sizes=\"(max-width: 900px) 100vw, 900px\" \/><figcaption>Antes e depois: 9 horas de uso<\/figcaption><\/figure>\n\n\n\n<h3 class=\"wp-block-heading\">Resumo<\/h3>\n\n\n\n<p>O l\u00e1pis tem textura macia e boa pigmenta\u00e7\u00e3o. <\/p>\n\n\n\n<p>Teddy \u00e9 um marrom charmoso e f\u00e1cil de usar no dia a dia, s\u00f3 que, infelizmente, ele carimba a p\u00e1lpebra :(<\/p>\n\n\n\n<hr>\n\n<h3>Avalia\u00e7\u00e3o Geral<\/h3>\n<ul>\n \t<li>Textura e aplica\u00e7\u00e3o: 4\/5<\/li>\n \t<li>Cobertura e pigmenta\u00e7\u00e3o: 4\/5<\/li>\n \t<li>Fixa\u00e7\u00e3o: 3\/5<\/li>\n \t<li>Pre\u00e7o: 2\/5<\/li>\n \t<li>Apresenta\u00e7\u00e3o: 3\/5<\/li>\n \t<li>Realidade x Descri\u00e7\u00e3o oficial: 5\/5<\/li>\n \t<li><strong>M\u00e9dia: 3,5\n<\/strong><\/li>\n<\/ul>\n<h5>Para visualizar a lista completa de crit\u00e9rios e notas, <a href=\"https:\/\/www.2beauty.com.br\/blog\/images\/avaliacao.gif\" target=\"_blank\" rel=\"noopener noreferrer\">clica aqui<\/a>.<\/h5>\n\n<hr>\n\n<div class=\"shopthepost-widget\" data-widget-id=\"3510963\">\r\n                <script type=\"text\/javascript\" language=\"javascript\">\r\n                    !function(d,s,id){\r\n                        var e, p = \/^http:\/.test(d.location) ? 'http' : 'https';\r\n                        if(!d.getElementById(id)) {\r\n                            e     = d.createElement(s);\r\n                            e.id  = id;\r\n                            e.src = p + ':\/\/widgets.rewardstyle.com\/js\/shopthepost.js';\r\n                            d.body.appendChild(e);\r\n                        }\r\n                        if(typeof window.__stp === 'object') if(d.readyState === 'complete') {\r\n                            window.__stp.init();\r\n                        }\r\n                    }(document, 'script', 'shopthepost-script');\r\n                <\/script>\r\n                <div class=\"rs-adblock\">\r\n                    <img decoding=\"async\" src=\"\/\/assets.rewardstyle.com\/images\/search\/350.gif\" style=\"width:15px;height:15px;\" onerror=\"this.parentNode.innerHTML='Turn off your ad blocker to view content'\" \/>\r\n                    <noscript>Turn on your JavaScript to view content<\/noscript>\r\n                <\/div>\r\n            <\/div>\n","protected":false},"excerpt":{"rendered":"<p>Adoro essa cor e acho \u00f3tima pra dar um charme no dia a dia, s\u00f3 que o l\u00e1pis carimba a minha p\u00e1lpebra depois de algumas horas de uso :(<\/p>\n","protected":false},"author":1,"featured_media":111870,"comment_status":"open","ping_status":"closed","sticky":false,"template":"","format":"standard","meta":{"_uag_custom_page_level_css":"","footnotes":""},"categories":[84],"tags":[4119,221,4088,4128],"class_list":["post-111869","post","type-post","status-publish","format-standard","has-post-thumbnail","hentry","category-maquiagem","tag-delineador","tag-mac","tag-maquiagem","tag-resenhas"],"uagb_featured_image_src":{"full":["https:\/\/www.2beauty.com.br\/blog\/wp-content\/uploads\/2019\/03\/mac1.jpg",900,600,false],"thumbnail":["https:\/\/www.2beauty.com.br\/blog\/wp-content\/uploads\/2019\/03\/mac1-300x250.jpg",300,250,true],"medium":["https:\/\/www.2beauty.com.br\/blog\/wp-content\/uploads\/2019\/03\/mac1-580x387.jpg",580,387,true],"medium_large":["https:\/\/www.2beauty.com.br\/blog\/wp-content\/uploads\/2019\/03\/mac1-768x512.jpg",768,512,true],"large":["https:\/\/www.2beauty.com.br\/blog\/wp-content\/uploads\/2019\/03\/mac1-620x413.jpg",620,413,true],"1536x1536":["https:\/\/www.2beauty.com.br\/blog\/wp-content\/uploads\/2019\/03\/mac1.jpg",900,600,false],"2048x2048":["https:\/\/www.2beauty.com.br\/blog\/wp-content\/uploads\/2019\/03\/mac1.jpg",900,600,false],"ashe-slider-grid-thumbnail":["https:\/\/www.2beauty.com.br\/blog\/wp-content\/uploads\/2019\/03\/mac1.jpg",810,540,false],"ashe-full-thumbnail":["https:\/\/www.2beauty.com.br\/blog\/wp-content\/uploads\/2019\/03\/mac1.jpg",900,600,false],"ashe-grid-thumbnail":["https:\/\/www.2beauty.com.br\/blog\/wp-content\/uploads\/2019\/03\/mac1.jpg",495,330,false],"ashe-list-thumbnail":["https:\/\/www.2beauty.com.br\/blog\/wp-content\/uploads\/2019\/03\/mac1.jpg",300,200,false],"ashe-single-navigation":["https:\/\/www.2beauty.com.br\/blog\/wp-content\/uploads\/2019\/03\/mac1.jpg",75,50,false]},"uagb_author_info":{"display_name":"Marina Smith","author_link":"https:\/\/www.2beauty.com.br\/blog\/author\/marinasmith\/"},"uagb_comment_info":0,"uagb_excerpt":"Adoro essa cor e acho \u00f3tima pra dar um charme no dia a dia, s\u00f3 que o l\u00e1pis carimba a minha p\u00e1lpebra depois de algumas horas de uso :(","acf":[],"_links":{"self":[{"href":"https:\/\/www.2beauty.com.br\/blog\/wp-json\/wp\/v2\/posts\/111869","targetHints":{"allow":["GET"]}}],"collection":[{"href":"https:\/\/www.2beauty.com.br\/blog\/wp-json\/wp\/v2\/posts"}],"about":[{"href":"https:\/\/www.2beauty.com.br\/blog\/wp-json\/wp\/v2\/types\/post"}],"author":[{"embeddable":true,"href":"https:\/\/www.2beauty.com.br\/blog\/wp-json\/wp\/v2\/users\/1"}],"replies":[{"embeddable":true,"href":"https:\/\/www.2beauty.com.br\/blog\/wp-json\/wp\/v2\/comments?post=111869"}],"version-history":[{"count":3,"href":"https:\/\/www.2beauty.com.br\/blog\/wp-json\/wp\/v2\/posts\/111869\/revisions"}],"predecessor-version":[{"id":111969,"href":"https:\/\/www.2beauty.com.br\/blog\/wp-json\/wp\/v2\/posts\/111869\/revisions\/111969"}],"wp:featuredmedia":[{"embeddable":true,"href":"https:\/\/www.2beauty.com.br\/blog\/wp-json\/wp\/v2\/media\/111870"}],"wp:attachment":[{"href":"https:\/\/www.2beauty.com.br\/blog\/wp-json\/wp\/v2\/media?parent=111869"}],"wp:term":[{"taxonomy":"category","embeddable":true,"href":"https:\/\/www.2beauty.com.br\/blog\/wp-json\/wp\/v2\/categories?post=111869"},{"taxonomy":"post_tag","embeddable":true,"href":"https:\/\/www.2beauty.com.br\/blog\/wp-json\/wp\/v2\/tags?post=111869"}],"curies":[{"name":"wp","href":"https:\/\/api.w.org\/{rel}","templated":true}]}}