{"id":110284,"date":"2019-02-18T20:07:56","date_gmt":"2019-02-18T22:07:56","guid":{"rendered":"https:\/\/www.2beauty.com.br\/blog\/?p=110284"},"modified":"2019-02-19T23:22:35","modified_gmt":"2019-02-20T01:22:35","slug":"publi-aquecimento-pro-oscar-com-sinal-aberto-telecine","status":"publish","type":"post","link":"https:\/\/www.2beauty.com.br\/blog\/2019\/02\/publi-aquecimento-pro-oscar-com-sinal-aberto-telecine\/","title":{"rendered":"Publi: Aquecimento pro Oscar com Sinal Aberto Telecine!"},"content":{"rendered":"<p><iframe src=\"https:\/\/www.youtube.com\/embed\/Z9FV5SQMt0w\" allow=\"accelerometer; autoplay; encrypted-media; gyroscope; picture-in-picture\" allowfullscreen=\"\" width=\"900\" height=\"506\" frameborder=\"0\"><\/iframe><\/p>\n\n\n<p><strong>O Telecine est\u00e1 com o sinal aberto em todas as operadoras de TV por assinatura! <\/strong><\/p>\n\n\n\n<p>Al\u00e9m dos seis canais na TV, o servi\u00e7o de streaming <a href=\"https:\/\/www.telecineplay.com.br\/\" target=\"_blank\" rel=\"noreferrer noopener\" aria-label=\"Telecine Play (abre em uma nova aba)\">Telecine Play<\/a> tamb\u00e9m est\u00e1 aberto para quem j\u00e1 \u00e9 assinante de TV por assinatura.<\/p>\n\n\n\n<p>D\u00e1 pra assistir DE GRA\u00c7A muitos filmes e fazer um aquecimento pro Oscar no pr\u00f3ximo domingo :)<\/p>\n\n\n\n<p>O sinal aberto Telecine vai at\u00e9 o dia 24 de fevereiro e aqui est\u00e3o <strong>tr\u00eas sugest\u00f5es do que curtir nessa semana: <\/strong><\/p>\n\n\n\n<ul class=\"wp-block-list\"><li>Tr\u00eas An\u00fancios Para Um Crime <\/li><li>Eu, Tonya <\/li><li>Um Lugar Silencioso<\/li><\/ul>\n\n\n\n<p><a rel=\"noreferrer noopener\" aria-label=\"Conhe\u00e7a Telecine Play, o servi\u00e7o de streaming do Telecine! (abre em uma nova aba)\" href=\"https:\/\/www.telecineplay.com.br\/\" target=\"_blank\">Conhe\u00e7a Telecine Play<\/a>, o servi\u00e7o de streaming do Telecine!<\/p>\n\n\n\n<p><strong>Quer mais sugest\u00f5es?<\/strong> <a href=\"https:\/\/www.telecineplay.com.br\/filmes-premiados-e-indicados_tv\">Aqui est\u00e1 a playlist de Telecine Play<\/a> de filmes indicados e premiados!<\/p>\n\n\n\n<p><strong>PS:<\/strong> Podcast sobre o caso real que inspirou o filme Tr\u00eas An\u00fancios Para Um Crime: <a rel=\"noreferrer noopener\" aria-label=\"My Favorite Murder, epis\u00f3dio 158. (abre em uma nova aba)\" href=\"https:\/\/www.stitcher.com\/podcast\/my-favorite-murder\/e\/58492531?autoplay=true\" target=\"_blank\">My Favorite Murder, epis\u00f3dio 158.<\/a><\/p>\n","protected":false},"excerpt":{"rendered":"<p>O Telecine est\u00e1 com o sinal aberto em todas as operadoras de TV por assinatura e aqui est\u00e3o tr\u00eas sugest\u00f5es minhas do que curtir nessa semana :)<\/p>\n","protected":false},"author":1,"featured_media":110289,"comment_status":"open","ping_status":"closed","sticky":false,"template":"","format":"standard","meta":{"_uag_custom_page_level_css":"","footnotes":""},"categories":[1],"tags":[4390,2143,4389,4138],"class_list":["post-110284","post","type-post","status-publish","format-standard","has-post-thumbnail","hentry","category-geral","tag-oscar-2019","tag-publi","tag-telecine","tag-videos"],"uagb_featured_image_src":{"full":["https:\/\/www.2beauty.com.br\/blog\/wp-content\/uploads\/2019\/02\/youtube_thumb-2.jpg",1280,720,false],"thumbnail":["https:\/\/www.2beauty.com.br\/blog\/wp-content\/uploads\/2019\/02\/youtube_thumb-2-300x250.jpg",300,250,true],"medium":["https:\/\/www.2beauty.com.br\/blog\/wp-content\/uploads\/2019\/02\/youtube_thumb-2-580x326.jpg",580,326,true],"medium_large":["https:\/\/www.2beauty.com.br\/blog\/wp-content\/uploads\/2019\/02\/youtube_thumb-2-768x432.jpg",768,432,true],"large":["https:\/\/www.2beauty.com.br\/blog\/wp-content\/uploads\/2019\/02\/youtube_thumb-2-620x349.jpg",620,349,true],"1536x1536":["https:\/\/www.2beauty.com.br\/blog\/wp-content\/uploads\/2019\/02\/youtube_thumb-2.jpg",1280,720,false],"2048x2048":["https:\/\/www.2beauty.com.br\/blog\/wp-content\/uploads\/2019\/02\/youtube_thumb-2.jpg",1280,720,false],"ashe-slider-grid-thumbnail":["https:\/\/www.2beauty.com.br\/blog\/wp-content\/uploads\/2019\/02\/youtube_thumb-2.jpg",960,540,false],"ashe-full-thumbnail":["https:\/\/www.2beauty.com.br\/blog\/wp-content\/uploads\/2019\/02\/youtube_thumb-2.jpg",1140,641,false],"ashe-grid-thumbnail":["https:\/\/www.2beauty.com.br\/blog\/wp-content\/uploads\/2019\/02\/youtube_thumb-2.jpg",500,281,false],"ashe-list-thumbnail":["https:\/\/www.2beauty.com.br\/blog\/wp-content\/uploads\/2019\/02\/youtube_thumb-2.jpg",300,169,false],"ashe-single-navigation":["https:\/\/www.2beauty.com.br\/blog\/wp-content\/uploads\/2019\/02\/youtube_thumb-2.jpg",75,42,false]},"uagb_author_info":{"display_name":"Marina Smith","author_link":"https:\/\/www.2beauty.com.br\/blog\/author\/marinasmith\/"},"uagb_comment_info":0,"uagb_excerpt":"O Telecine est\u00e1 com o sinal aberto em todas as operadoras de TV por assinatura e aqui est\u00e3o tr\u00eas sugest\u00f5es minhas do que curtir nessa semana :)","acf":[],"_links":{"self":[{"href":"https:\/\/www.2beauty.com.br\/blog\/wp-json\/wp\/v2\/posts\/110284","targetHints":{"allow":["GET"]}}],"collection":[{"href":"https:\/\/www.2beauty.com.br\/blog\/wp-json\/wp\/v2\/posts"}],"about":[{"href":"https:\/\/www.2beauty.com.br\/blog\/wp-json\/wp\/v2\/types\/post"}],"author":[{"embeddable":true,"href":"https:\/\/www.2beauty.com.br\/blog\/wp-json\/wp\/v2\/users\/1"}],"replies":[{"embeddable":true,"href":"https:\/\/www.2beauty.com.br\/blog\/wp-json\/wp\/v2\/comments?post=110284"}],"version-history":[{"count":3,"href":"https:\/\/www.2beauty.com.br\/blog\/wp-json\/wp\/v2\/posts\/110284\/revisions"}],"predecessor-version":[{"id":111448,"href":"https:\/\/www.2beauty.com.br\/blog\/wp-json\/wp\/v2\/posts\/110284\/revisions\/111448"}],"wp:featuredmedia":[{"embeddable":true,"href":"https:\/\/www.2beauty.com.br\/blog\/wp-json\/wp\/v2\/media\/110289"}],"wp:attachment":[{"href":"https:\/\/www.2beauty.com.br\/blog\/wp-json\/wp\/v2\/media?parent=110284"}],"wp:term":[{"taxonomy":"category","embeddable":true,"href":"https:\/\/www.2beauty.com.br\/blog\/wp-json\/wp\/v2\/categories?post=110284"},{"taxonomy":"post_tag","embeddable":true,"href":"https:\/\/www.2beauty.com.br\/blog\/wp-json\/wp\/v2\/tags?post=110284"}],"curies":[{"name":"wp","href":"https:\/\/api.w.org\/{rel}","templated":true}]}}